{"id":9585,"date":"2020-03-26T15:01:44","date_gmt":"2020-03-26T14:01:44","guid":{"rendered":"http:\/\/dalyplastics.nl\/k-messe-dusseldorf-2019-un-grand-succes\/"},"modified":"2021-04-08T12:48:15","modified_gmt":"2021-04-08T11:48:15","slug":"k-messe-dusseldorf-2019-un-grand-succes","status":"publish","type":"post","link":"https:\/\/www.dalyplastics.nl\/fr\/k-messe-dusseldorf-2019-un-grand-succes\/","title":{"rendered":"K-Messe D\u00fcsseldorf 2019 un grand succ\u00e8s"},"content":{"rendered":"<p>[et_pb_section fb_built=\u00a0\u00bb1&Prime; _builder_version=\u00a0\u00bb4.2.1&Prime;][et_pb_row _builder_version=\u00a0\u00bb4.2.1&Prime;][et_pb_column type=\u00a0\u00bb4_4&Prime; _builder_version=\u00a0\u00bb4.2.1&Prime;][et_pb_text _builder_version=\u00a0\u00bb4.2.1&Prime;]<span class=\"tlid-translation translation\" lang=\"fr\"><span class=\"\" title=\"\">K-Messe D\u00fcsseldorf 2019 un grand succ\u00e8s<\/span><\/p>\n<p><span class=\"\" title=\"\">Apr\u00e8s huit jours, K Messe 2019 \u00e0 D\u00fcsseldorf a ferm\u00e9 ses portes.<\/span> <span class=\"\" title=\"\">3333 Les participants de 63 pays ont pr\u00e9sent\u00e9 des solutions pour une \u00e9conomie circulaire.<\/span><\/p>\n<p><span class=\"\" title=\"\">Les 225 000 visiteurs excessivement int\u00e9ress\u00e9s par les syst\u00e8mes de recyclage, les mati\u00e8res premi\u00e8res durables et les processus d&rsquo;\u00e9conomie de ressources.<\/span> <span class=\"\" title=\"\">De plus, le K 2019 s&rsquo;est \u00e0 nouveau caract\u00e9ris\u00e9 par une grande volont\u00e9 d&rsquo;investissement.<\/span> <span class=\"\" title=\"\">L&rsquo;intention du public du commerce international de s&rsquo;\u00e9quiper de mani\u00e8re optimale des derni\u00e8res technologies pour l&rsquo;avenir \u00e9tait clairement perceptible, selon l&rsquo;organisation.<\/span> <span title=\"\">Il y avait beaucoup de monde au stand Daly Plastics.<\/span> <span class=\"\" title=\"\">Apr\u00e8s l&rsquo;Allemagne, l&rsquo;Italie, les Pays-Bas, l&rsquo;Inde, la Turquie et la Chine, ont attir\u00e9 un grand nombre de visiteurs directement suivis des \u00c9tats-Unis.<\/span> <span class=\"\" title=\"\">De plus, une nette augmentation du nombre de visiteurs professionnels en provenance de Russie, du Japon et du Br\u00e9sil a \u00e9t\u00e9 observ\u00e9e.<\/span> <span class=\"\" title=\"\">Il y avait beaucoup d&rsquo;int\u00e9r\u00eat pour nos GRANULES LDPE EURCERTPLAST.<\/span><\/p>\n<p><span title=\"\">Plus d&rsquo;informations sur nos granules Eurcertplast LDPE?<\/span><br \/>\n<span title=\"\">Veuillez nous contacter via: info@dalyplastics.nl<\/span><\/span>[\/et_pb_text][\/et_pb_column][\/et_pb_row][et_pb_row _builder_version=\u00a0\u00bb4.9.3&Prime; _module_preset=\u00a0\u00bbdefault\u00a0\u00bb][et_pb_column type=\u00a0\u00bb4_4&Prime; _builder_version=\u00a0\u00bb4.9.3&Prime; _module_preset=\u00a0\u00bbdefault\u00a0\u00bb][et_pb_button button_url=\u00a0\u00bbhttp:\/\/dalyplastics.nl\/fr\/informations\/\u00a0\u00bb button_text=\u00a0\u00bbCliquez ici pour acc\u00e9der \u00e0 l&rsquo;aper\u00e7u des actualit\u00e9s\u00a0\u00bb button_alignment=\u00a0\u00bbcenter\u00a0\u00bb _builder_version=\u00a0\u00bb4.9.3&Prime; _module_preset=\u00a0\u00bbdefault\u00a0\u00bb custom_button=\u00a0\u00bbon\u00a0\u00bb button_bg_color=\u00a0\u00bbgcid-f2ab760b-7336-4849-9a9e-b150cbf2671e\u00a0\u00bb button_border_color=\u00a0\u00bbRGBA(0,0,0,0)\u00a0\u00bb button_border_radius=\u00a0\u00bb32px\u00a0\u00bb button_use_icon=\u00a0\u00bboff\u00a0\u00bb background_layout=\u00a0\u00bbdark\u00a0\u00bb custom_margin=\u00a0\u00bb30px||||false|false\u00a0\u00bb hover_enabled=\u00a0\u00bb0&Prime; box_shadow_style=\u00a0\u00bbpreset3&Prime; box_shadow_blur=\u00a0\u00bb8px\u00a0\u00bb global_colors_info=\u00a0\u00bb{%22gcid-f2ab760b-7336-4849-9a9e-b150cbf2671e%22:%91%22button_bg_color%22%93}\u00a0\u00bb sticky_enabled=\u00a0\u00bb0&Prime;][\/et_pb_button][\/et_pb_column][\/et_pb_row][\/et_pb_section]<\/p>\n","protected":false},"excerpt":{"rendered":"<p>K-Messe D\u00fcsseldorf 2019 un grand succ\u00e8s Apr\u00e8s huit jours, K Messe 2019 \u00e0 D\u00fcsseldorf a ferm\u00e9 ses portes. 3333 Les participants de 63 pays ont pr\u00e9sent\u00e9 des solutions pour une \u00e9conomie circulaire. Les 225 000 visiteurs excessivement int\u00e9ress\u00e9s par les syst\u00e8mes de recyclage, les mati\u00e8res premi\u00e8res durables et les processus d&rsquo;\u00e9conomie de ressources. De plus, [&hellip;]<\/p>\n","protected":false},"author":1,"featured_media":9587,"comment_status":"closed","ping_status":"closed","sticky":false,"template":"","format":"standard","meta":{"_et_pb_use_builder":"on","_et_pb_old_content":"","_et_gb_content_width":"","footnotes":""},"categories":[67],"tags":[],"class_list":["post-9585","post","type-post","status-publish","format-standard","has-post-thumbnail","hentry","category-geen-onderdeel-van-een-categorie"],"yoast_head":"<!-- This site is optimized with the Yoast SEO plugin v27.4 - https:\/\/yoast.com\/product\/yoast-seo-wordpress\/ -->\n<title>K-Messe D\u00fcsseldorf 2019 un grand succ\u00e8s - Repeats Group<\/title>\n<meta name=\"robots\" content=\"index, follow, max-snippet:-1, max-image-preview:large, max-video-preview:-1\" \/>\n<link rel=\"canonical\" href=\"https:\/\/www.dalyplastics.nl\/fr\/k-messe-dusseldorf-2019-un-grand-succes\/\" \/>\n<meta property=\"og:locale\" content=\"fr_FR\" \/>\n<meta property=\"og:type\" content=\"article\" \/>\n<meta property=\"og:title\" content=\"K-Messe D\u00fcsseldorf 2019 un grand succ\u00e8s - Repeats Group\" \/>\n<meta property=\"og:description\" content=\"K-Messe D\u00fcsseldorf 2019 un grand succ\u00e8s Apr\u00e8s huit jours, K Messe 2019 \u00e0 D\u00fcsseldorf a ferm\u00e9 ses portes. 3333 Les participants de 63 pays ont pr\u00e9sent\u00e9 des solutions pour une \u00e9conomie circulaire. Les 225 000 visiteurs excessivement int\u00e9ress\u00e9s par les syst\u00e8mes de recyclage, les mati\u00e8res premi\u00e8res durables et les processus d&#039;\u00e9conomie de ressources. De plus, [&hellip;]\" \/>\n<meta property=\"og:url\" content=\"https:\/\/www.dalyplastics.nl\/fr\/k-messe-dusseldorf-2019-un-grand-succes\/\" \/>\n<meta property=\"og:site_name\" content=\"Repeats Group\" \/>\n<meta property=\"article:published_time\" content=\"2020-03-26T14:01:44+00:00\" \/>\n<meta property=\"article:modified_time\" content=\"2021-04-08T11:48:15+00:00\" \/>\n<meta property=\"og:image\" content=\"https:\/\/www.dalyplastics.nl\/wp-content\/uploads\/2020\/01\/K-Messe2019-a.png\" \/>\n\t<meta property=\"og:image:width\" content=\"600\" \/>\n\t<meta property=\"og:image:height\" content=\"444\" \/>\n\t<meta property=\"og:image:type\" content=\"image\/png\" \/>\n<meta name=\"author\" content=\"rogervanderklugt\" \/>\n<meta name=\"twitter:card\" content=\"summary_large_image\" \/>\n<meta name=\"twitter:label1\" content=\"\u00c9crit par\" \/>\n\t<meta name=\"twitter:data1\" content=\"rogervanderklugt\" \/>\n\t<meta name=\"twitter:label2\" content=\"Dur\u00e9e de lecture estim\u00e9e\" \/>\n\t<meta name=\"twitter:data2\" content=\"2 minutes\" \/>\n<script type=\"application\/ld+json\" class=\"yoast-schema-graph\">{\"@context\":\"https:\\\/\\\/schema.org\",\"@graph\":[{\"@type\":\"Article\",\"@id\":\"https:\\\/\\\/www.dalyplastics.nl\\\/fr\\\/k-messe-dusseldorf-2019-un-grand-succes\\\/#article\",\"isPartOf\":{\"@id\":\"https:\\\/\\\/www.dalyplastics.nl\\\/fr\\\/k-messe-dusseldorf-2019-un-grand-succes\\\/\"},\"author\":{\"name\":\"rogervanderklugt\",\"@id\":\"https:\\\/\\\/www.dalyplastics.nl\\\/#\\\/schema\\\/person\\\/57ed6efac08ad3e27b7bae334ea757ec\"},\"headline\":\"K-Messe D\u00fcsseldorf 2019 un grand succ\u00e8s\",\"datePublished\":\"2020-03-26T14:01:44+00:00\",\"dateModified\":\"2021-04-08T11:48:15+00:00\",\"mainEntityOfPage\":{\"@id\":\"https:\\\/\\\/www.dalyplastics.nl\\\/fr\\\/k-messe-dusseldorf-2019-un-grand-succes\\\/\"},\"wordCount\":348,\"publisher\":{\"@id\":\"https:\\\/\\\/www.dalyplastics.nl\\\/#organization\"},\"image\":{\"@id\":\"https:\\\/\\\/www.dalyplastics.nl\\\/fr\\\/k-messe-dusseldorf-2019-un-grand-succes\\\/#primaryimage\"},\"thumbnailUrl\":\"https:\\\/\\\/www.dalyplastics.nl\\\/wp-content\\\/uploads\\\/2020\\\/01\\\/K-Messe2019-a.png\",\"articleSection\":[\"Geen onderdeel van een categorie\"],\"inLanguage\":\"fr-FR\"},{\"@type\":\"WebPage\",\"@id\":\"https:\\\/\\\/www.dalyplastics.nl\\\/fr\\\/k-messe-dusseldorf-2019-un-grand-succes\\\/\",\"url\":\"https:\\\/\\\/www.dalyplastics.nl\\\/fr\\\/k-messe-dusseldorf-2019-un-grand-succes\\\/\",\"name\":\"K-Messe D\u00fcsseldorf 2019 un grand succ\u00e8s - Repeats Group\",\"isPartOf\":{\"@id\":\"https:\\\/\\\/www.dalyplastics.nl\\\/#website\"},\"primaryImageOfPage\":{\"@id\":\"https:\\\/\\\/www.dalyplastics.nl\\\/fr\\\/k-messe-dusseldorf-2019-un-grand-succes\\\/#primaryimage\"},\"image\":{\"@id\":\"https:\\\/\\\/www.dalyplastics.nl\\\/fr\\\/k-messe-dusseldorf-2019-un-grand-succes\\\/#primaryimage\"},\"thumbnailUrl\":\"https:\\\/\\\/www.dalyplastics.nl\\\/wp-content\\\/uploads\\\/2020\\\/01\\\/K-Messe2019-a.png\",\"datePublished\":\"2020-03-26T14:01:44+00:00\",\"dateModified\":\"2021-04-08T11:48:15+00:00\",\"breadcrumb\":{\"@id\":\"https:\\\/\\\/www.dalyplastics.nl\\\/fr\\\/k-messe-dusseldorf-2019-un-grand-succes\\\/#breadcrumb\"},\"inLanguage\":\"fr-FR\",\"potentialAction\":[{\"@type\":\"ReadAction\",\"target\":[\"https:\\\/\\\/www.dalyplastics.nl\\\/fr\\\/k-messe-dusseldorf-2019-un-grand-succes\\\/\"]}]},{\"@type\":\"ImageObject\",\"inLanguage\":\"fr-FR\",\"@id\":\"https:\\\/\\\/www.dalyplastics.nl\\\/fr\\\/k-messe-dusseldorf-2019-un-grand-succes\\\/#primaryimage\",\"url\":\"https:\\\/\\\/www.dalyplastics.nl\\\/wp-content\\\/uploads\\\/2020\\\/01\\\/K-Messe2019-a.png\",\"contentUrl\":\"https:\\\/\\\/www.dalyplastics.nl\\\/wp-content\\\/uploads\\\/2020\\\/01\\\/K-Messe2019-a.png\",\"width\":600,\"height\":444},{\"@type\":\"BreadcrumbList\",\"@id\":\"https:\\\/\\\/www.dalyplastics.nl\\\/fr\\\/k-messe-dusseldorf-2019-un-grand-succes\\\/#breadcrumb\",\"itemListElement\":[{\"@type\":\"ListItem\",\"position\":1,\"name\":\"Home\",\"item\":\"https:\\\/\\\/www.dalyplastics.nl\\\/fr\\\/\"},{\"@type\":\"ListItem\",\"position\":2,\"name\":\"K-Messe D\u00fcsseldorf 2019 un grand succ\u00e8s\"}]},{\"@type\":\"WebSite\",\"@id\":\"https:\\\/\\\/www.dalyplastics.nl\\\/#website\",\"url\":\"https:\\\/\\\/www.dalyplastics.nl\\\/\",\"name\":\"Repeats Group\",\"description\":\"Recycling PE at Scale\",\"publisher\":{\"@id\":\"https:\\\/\\\/www.dalyplastics.nl\\\/#organization\"},\"potentialAction\":[{\"@type\":\"SearchAction\",\"target\":{\"@type\":\"EntryPoint\",\"urlTemplate\":\"https:\\\/\\\/www.dalyplastics.nl\\\/?s={search_term_string}\"},\"query-input\":{\"@type\":\"PropertyValueSpecification\",\"valueRequired\":true,\"valueName\":\"search_term_string\"}}],\"inLanguage\":\"fr-FR\"},{\"@type\":\"Organization\",\"@id\":\"https:\\\/\\\/www.dalyplastics.nl\\\/#organization\",\"name\":\"Daly Plastics\",\"url\":\"https:\\\/\\\/www.dalyplastics.nl\\\/\",\"logo\":{\"@type\":\"ImageObject\",\"inLanguage\":\"fr-FR\",\"@id\":\"https:\\\/\\\/www.dalyplastics.nl\\\/#\\\/schema\\\/logo\\\/image\\\/\",\"url\":\"http:\\\/\\\/dalyplastics.nl\\\/wp-content\\\/uploads\\\/2020\\\/01\\\/Daly_logo.jpg\",\"contentUrl\":\"http:\\\/\\\/dalyplastics.nl\\\/wp-content\\\/uploads\\\/2020\\\/01\\\/Daly_logo.jpg\",\"width\":800,\"height\":303,\"caption\":\"Daly Plastics\"},\"image\":{\"@id\":\"https:\\\/\\\/www.dalyplastics.nl\\\/#\\\/schema\\\/logo\\\/image\\\/\"}},{\"@type\":\"Person\",\"@id\":\"https:\\\/\\\/www.dalyplastics.nl\\\/#\\\/schema\\\/person\\\/57ed6efac08ad3e27b7bae334ea757ec\",\"name\":\"rogervanderklugt\",\"image\":{\"@type\":\"ImageObject\",\"inLanguage\":\"fr-FR\",\"@id\":\"https:\\\/\\\/secure.gravatar.com\\\/avatar\\\/e2349b936d636b26cd4bb774e142fd590490857bf20cc51855a3d0e0674964de?s=96&d=mm&r=g\",\"url\":\"https:\\\/\\\/secure.gravatar.com\\\/avatar\\\/e2349b936d636b26cd4bb774e142fd590490857bf20cc51855a3d0e0674964de?s=96&d=mm&r=g\",\"contentUrl\":\"https:\\\/\\\/secure.gravatar.com\\\/avatar\\\/e2349b936d636b26cd4bb774e142fd590490857bf20cc51855a3d0e0674964de?s=96&d=mm&r=g\",\"caption\":\"rogervanderklugt\"}}]}<\/script>\n<!-- \/ Yoast SEO plugin. -->","yoast_head_json":{"title":"K-Messe D\u00fcsseldorf 2019 un grand succ\u00e8s - Repeats Group","robots":{"index":"index","follow":"follow","max-snippet":"max-snippet:-1","max-image-preview":"max-image-preview:large","max-video-preview":"max-video-preview:-1"},"canonical":"https:\/\/www.dalyplastics.nl\/fr\/k-messe-dusseldorf-2019-un-grand-succes\/","og_locale":"fr_FR","og_type":"article","og_title":"K-Messe D\u00fcsseldorf 2019 un grand succ\u00e8s - Repeats Group","og_description":"K-Messe D\u00fcsseldorf 2019 un grand succ\u00e8s Apr\u00e8s huit jours, K Messe 2019 \u00e0 D\u00fcsseldorf a ferm\u00e9 ses portes. 3333 Les participants de 63 pays ont pr\u00e9sent\u00e9 des solutions pour une \u00e9conomie circulaire. Les 225 000 visiteurs excessivement int\u00e9ress\u00e9s par les syst\u00e8mes de recyclage, les mati\u00e8res premi\u00e8res durables et les processus d'\u00e9conomie de ressources. De plus, [&hellip;]","og_url":"https:\/\/www.dalyplastics.nl\/fr\/k-messe-dusseldorf-2019-un-grand-succes\/","og_site_name":"Repeats Group","article_published_time":"2020-03-26T14:01:44+00:00","article_modified_time":"2021-04-08T11:48:15+00:00","og_image":[{"width":600,"height":444,"url":"https:\/\/www.dalyplastics.nl\/wp-content\/uploads\/2020\/01\/K-Messe2019-a.png","type":"image\/png"}],"author":"rogervanderklugt","twitter_card":"summary_large_image","twitter_misc":{"\u00c9crit par":"rogervanderklugt","Dur\u00e9e de lecture estim\u00e9e":"2 minutes"},"schema":{"@context":"https:\/\/schema.org","@graph":[{"@type":"Article","@id":"https:\/\/www.dalyplastics.nl\/fr\/k-messe-dusseldorf-2019-un-grand-succes\/#article","isPartOf":{"@id":"https:\/\/www.dalyplastics.nl\/fr\/k-messe-dusseldorf-2019-un-grand-succes\/"},"author":{"name":"rogervanderklugt","@id":"https:\/\/www.dalyplastics.nl\/#\/schema\/person\/57ed6efac08ad3e27b7bae334ea757ec"},"headline":"K-Messe D\u00fcsseldorf 2019 un grand succ\u00e8s","datePublished":"2020-03-26T14:01:44+00:00","dateModified":"2021-04-08T11:48:15+00:00","mainEntityOfPage":{"@id":"https:\/\/www.dalyplastics.nl\/fr\/k-messe-dusseldorf-2019-un-grand-succes\/"},"wordCount":348,"publisher":{"@id":"https:\/\/www.dalyplastics.nl\/#organization"},"image":{"@id":"https:\/\/www.dalyplastics.nl\/fr\/k-messe-dusseldorf-2019-un-grand-succes\/#primaryimage"},"thumbnailUrl":"https:\/\/www.dalyplastics.nl\/wp-content\/uploads\/2020\/01\/K-Messe2019-a.png","articleSection":["Geen onderdeel van een categorie"],"inLanguage":"fr-FR"},{"@type":"WebPage","@id":"https:\/\/www.dalyplastics.nl\/fr\/k-messe-dusseldorf-2019-un-grand-succes\/","url":"https:\/\/www.dalyplastics.nl\/fr\/k-messe-dusseldorf-2019-un-grand-succes\/","name":"K-Messe D\u00fcsseldorf 2019 un grand succ\u00e8s - Repeats Group","isPartOf":{"@id":"https:\/\/www.dalyplastics.nl\/#website"},"primaryImageOfPage":{"@id":"https:\/\/www.dalyplastics.nl\/fr\/k-messe-dusseldorf-2019-un-grand-succes\/#primaryimage"},"image":{"@id":"https:\/\/www.dalyplastics.nl\/fr\/k-messe-dusseldorf-2019-un-grand-succes\/#primaryimage"},"thumbnailUrl":"https:\/\/www.dalyplastics.nl\/wp-content\/uploads\/2020\/01\/K-Messe2019-a.png","datePublished":"2020-03-26T14:01:44+00:00","dateModified":"2021-04-08T11:48:15+00:00","breadcrumb":{"@id":"https:\/\/www.dalyplastics.nl\/fr\/k-messe-dusseldorf-2019-un-grand-succes\/#breadcrumb"},"inLanguage":"fr-FR","potentialAction":[{"@type":"ReadAction","target":["https:\/\/www.dalyplastics.nl\/fr\/k-messe-dusseldorf-2019-un-grand-succes\/"]}]},{"@type":"ImageObject","inLanguage":"fr-FR","@id":"https:\/\/www.dalyplastics.nl\/fr\/k-messe-dusseldorf-2019-un-grand-succes\/#primaryimage","url":"https:\/\/www.dalyplastics.nl\/wp-content\/uploads\/2020\/01\/K-Messe2019-a.png","contentUrl":"https:\/\/www.dalyplastics.nl\/wp-content\/uploads\/2020\/01\/K-Messe2019-a.png","width":600,"height":444},{"@type":"BreadcrumbList","@id":"https:\/\/www.dalyplastics.nl\/fr\/k-messe-dusseldorf-2019-un-grand-succes\/#breadcrumb","itemListElement":[{"@type":"ListItem","position":1,"name":"Home","item":"https:\/\/www.dalyplastics.nl\/fr\/"},{"@type":"ListItem","position":2,"name":"K-Messe D\u00fcsseldorf 2019 un grand succ\u00e8s"}]},{"@type":"WebSite","@id":"https:\/\/www.dalyplastics.nl\/#website","url":"https:\/\/www.dalyplastics.nl\/","name":"Repeats Group","description":"Recycling PE at Scale","publisher":{"@id":"https:\/\/www.dalyplastics.nl\/#organization"},"potentialAction":[{"@type":"SearchAction","target":{"@type":"EntryPoint","urlTemplate":"https:\/\/www.dalyplastics.nl\/?s={search_term_string}"},"query-input":{"@type":"PropertyValueSpecification","valueRequired":true,"valueName":"search_term_string"}}],"inLanguage":"fr-FR"},{"@type":"Organization","@id":"https:\/\/www.dalyplastics.nl\/#organization","name":"Daly Plastics","url":"https:\/\/www.dalyplastics.nl\/","logo":{"@type":"ImageObject","inLanguage":"fr-FR","@id":"https:\/\/www.dalyplastics.nl\/#\/schema\/logo\/image\/","url":"http:\/\/dalyplastics.nl\/wp-content\/uploads\/2020\/01\/Daly_logo.jpg","contentUrl":"http:\/\/dalyplastics.nl\/wp-content\/uploads\/2020\/01\/Daly_logo.jpg","width":800,"height":303,"caption":"Daly Plastics"},"image":{"@id":"https:\/\/www.dalyplastics.nl\/#\/schema\/logo\/image\/"}},{"@type":"Person","@id":"https:\/\/www.dalyplastics.nl\/#\/schema\/person\/57ed6efac08ad3e27b7bae334ea757ec","name":"rogervanderklugt","image":{"@type":"ImageObject","inLanguage":"fr-FR","@id":"https:\/\/secure.gravatar.com\/avatar\/e2349b936d636b26cd4bb774e142fd590490857bf20cc51855a3d0e0674964de?s=96&d=mm&r=g","url":"https:\/\/secure.gravatar.com\/avatar\/e2349b936d636b26cd4bb774e142fd590490857bf20cc51855a3d0e0674964de?s=96&d=mm&r=g","contentUrl":"https:\/\/secure.gravatar.com\/avatar\/e2349b936d636b26cd4bb774e142fd590490857bf20cc51855a3d0e0674964de?s=96&d=mm&r=g","caption":"rogervanderklugt"}}]}},"_links":{"self":[{"href":"https:\/\/www.dalyplastics.nl\/fr\/wp-json\/wp\/v2\/posts\/9585","targetHints":{"allow":["GET"]}}],"collection":[{"href":"https:\/\/www.dalyplastics.nl\/fr\/wp-json\/wp\/v2\/posts"}],"about":[{"href":"https:\/\/www.dalyplastics.nl\/fr\/wp-json\/wp\/v2\/types\/post"}],"author":[{"embeddable":true,"href":"https:\/\/www.dalyplastics.nl\/fr\/wp-json\/wp\/v2\/users\/1"}],"replies":[{"embeddable":true,"href":"https:\/\/www.dalyplastics.nl\/fr\/wp-json\/wp\/v2\/comments?post=9585"}],"version-history":[{"count":9,"href":"https:\/\/www.dalyplastics.nl\/fr\/wp-json\/wp\/v2\/posts\/9585\/revisions"}],"predecessor-version":[{"id":10076,"href":"https:\/\/www.dalyplastics.nl\/fr\/wp-json\/wp\/v2\/posts\/9585\/revisions\/10076"}],"wp:featuredmedia":[{"embeddable":true,"href":"https:\/\/www.dalyplastics.nl\/fr\/wp-json\/wp\/v2\/media\/9587"}],"wp:attachment":[{"href":"https:\/\/www.dalyplastics.nl\/fr\/wp-json\/wp\/v2\/media?parent=9585"}],"wp:term":[{"taxonomy":"category","embeddable":true,"href":"https:\/\/www.dalyplastics.nl\/fr\/wp-json\/wp\/v2\/categories?post=9585"},{"taxonomy":"post_tag","embeddable":true,"href":"https:\/\/www.dalyplastics.nl\/fr\/wp-json\/wp\/v2\/tags?post=9585"}],"curies":[{"name":"wp","href":"https:\/\/api.w.org\/{rel}","templated":true}]}}