{"id":9549,"date":"2020-03-26T14:53:55","date_gmt":"2020-03-26T13:53:55","guid":{"rendered":"http:\/\/dalyplastics.nl\/caroda-polymer-recycling-nomine-pour-les-prs-recycling-awards-2020\/"},"modified":"2021-04-08T12:46:46","modified_gmt":"2021-04-08T11:46:46","slug":"caroda-polymer-recycling-nomine-pour-les-prs-recycling-awards-2020","status":"publish","type":"post","link":"https:\/\/www.dalyplastics.nl\/fr\/caroda-polymer-recycling-nomine-pour-les-prs-recycling-awards-2020\/","title":{"rendered":"Caroda Polymer Recovery Winner Plastics Recycling Awards Europe 2020"},"content":{"rendered":"\n[et_pb_section fb_built=\u00a0\u00bb1&Prime; _builder_version=\u00a0\u00bb4.2.2&Prime;][et_pb_row _builder_version=\u00a0\u00bb4.2.2&Prime;][et_pb_column type=\u00a0\u00bb4_4&Prime; _builder_version=\u00a0\u00bb4.2.2&Prime;][et_pb_text _builder_version=\u00a0\u00bb4.9.2&Prime;]<p>Les laur\u00e9ats des Plastics Recycling Awards Europe 2020 ont \u00e9t\u00e9 virtuellement annonc\u00e9s le 10 d\u00e9cembre 2020 lors du PRSE. Les entreprises pouvaient concourir pour les prix dans 7 cat\u00e9gories diff\u00e9rentes. La cat\u00e9gorie Innovation des machines de recyclage a \u00e9t\u00e9 remport\u00e9e par Caroda BV et MAS-Maschinen- und Anlagenbau Schulz pour leur film innovant sans gel. L&rsquo;innovation am\u00e9liore l&rsquo;efficacit\u00e9 et l&rsquo;efficience du processus de recyclage des films plastiques. Les gagnants ont re\u00e7u un troph\u00e9e avec une base compos\u00e9e d&rsquo;une base imprim\u00e9e en 3D fabriqu\u00e9e \u00e0 partir de tableaux de bord de voiture en plastique ABS 100% recycl\u00e9 et de la partie multicolore fabriqu\u00e9e \u00e0 partir de capsules de bouteilles HPDE compress\u00e9es trouv\u00e9es lors d&rsquo;un nettoyage de plage. Gewinner der Caroda Polymer Recovery Plastics Recycling Awards Europe 2020<\/p>[\/et_pb_text][et_pb_image src=\u00a0\u00bbhttp:\/\/dalyplastics.nl\/wp-content\/uploads\/2021\/03\/logo-caroda-mas.jpg\u00a0\u00bb title_text=\u00a0\u00bblogo-caroda-mas\u00a0\u00bb align=\u00a0\u00bbcenter\u00a0\u00bb _builder_version=\u00a0\u00bb4.9.2&Prime; _module_preset=\u00a0\u00bbdefault\u00a0\u00bb][\/et_pb_image][\/et_pb_column][\/et_pb_row][et_pb_row _builder_version=\u00a0\u00bb4.9.3&Prime; _module_preset=\u00a0\u00bbdefault\u00a0\u00bb][et_pb_column type=\u00a0\u00bb4_4&Prime; _builder_version=\u00a0\u00bb4.9.3&Prime; _module_preset=\u00a0\u00bbdefault\u00a0\u00bb][et_pb_button button_url=\u00a0\u00bbhttp:\/\/dalyplastics.nl\/fr\/informations\/\u00a0\u00bb button_text=\u00a0\u00bbCliquez ici pour acc\u00e9der \u00e0 l&rsquo;aper\u00e7u des actualit\u00e9s\u00a0\u00bb button_alignment=\u00a0\u00bbcenter\u00a0\u00bb _builder_version=\u00a0\u00bb4.9.3&Prime; _module_preset=\u00a0\u00bbdefault\u00a0\u00bb custom_button=\u00a0\u00bbon\u00a0\u00bb button_bg_color=\u00a0\u00bbgcid-f2ab760b-7336-4849-9a9e-b150cbf2671e\u00a0\u00bb button_border_color=\u00a0\u00bbRGBA(0,0,0,0)\u00a0\u00bb button_border_radius=\u00a0\u00bb32px\u00a0\u00bb button_use_icon=\u00a0\u00bboff\u00a0\u00bb background_layout=\u00a0\u00bbdark\u00a0\u00bb custom_margin=\u00a0\u00bb30px||||false|false\u00a0\u00bb hover_enabled=\u00a0\u00bb0&Prime; box_shadow_style=\u00a0\u00bbpreset3&Prime; box_shadow_blur=\u00a0\u00bb8px\u00a0\u00bb global_colors_info=\u00a0\u00bb{%22gcid-f2ab760b-7336-4849-9a9e-b150cbf2671e%22:%91%22button_bg_color%22%93}\u00a0\u00bb sticky_enabled=\u00a0\u00bb0&Prime;][\/et_pb_button][\/et_pb_column][\/et_pb_row][\/et_pb_section]\n","protected":false},"excerpt":{"rendered":"<p>Les laur\u00e9ats des Plastics Recycling Awards Europe 2020 ont \u00e9t\u00e9 virtuellement annonc\u00e9s le 10 d\u00e9cembre 2020 lors du PRSE. Les entreprises pouvaient concourir pour les prix dans 7 cat\u00e9gories diff\u00e9rentes. La cat\u00e9gorie Innovation des machines de recyclage a \u00e9t\u00e9 remport\u00e9e par Caroda BV et MAS-Maschinen- und Anlagenbau Schulz pour leur film innovant sans gel. L&rsquo;innovation [&hellip;]<\/p>\n","protected":false},"author":1,"featured_media":9551,"comment_status":"closed","ping_status":"closed","sticky":false,"template":"","format":"standard","meta":{"_et_pb_use_builder":"on","_et_pb_old_content":"","_et_gb_content_width":"","footnotes":""},"categories":[84],"tags":[],"class_list":["post-9549","post","type-post","status-publish","format-standard","has-post-thumbnail","hentry","category-non-classifiee"],"yoast_head":"<!-- This site is optimized with the Yoast SEO plugin v27.4 - https:\/\/yoast.com\/product\/yoast-seo-wordpress\/ -->\n<title>Caroda Polymer Recovery Winner Plastics Recycling Awards Europe 2020 - Repeats Group<\/title>\n<meta name=\"description\" content=\"Caroda Polymer Recovery Winner Plastics Recycling Awards Europe 2020\" \/>\n<meta name=\"robots\" content=\"index, follow, max-snippet:-1, max-image-preview:large, max-video-preview:-1\" \/>\n<link rel=\"canonical\" href=\"https:\/\/www.dalyplastics.nl\/fr\/caroda-polymer-recycling-nomine-pour-les-prs-recycling-awards-2020\/\" \/>\n<meta property=\"og:locale\" content=\"fr_FR\" \/>\n<meta property=\"og:type\" content=\"article\" \/>\n<meta property=\"og:title\" content=\"Caroda Polymer Recovery Winner Plastics Recycling Awards Europe 2020 - Repeats Group\" \/>\n<meta property=\"og:description\" content=\"Caroda Polymer Recovery Winner Plastics Recycling Awards Europe 2020\" \/>\n<meta property=\"og:url\" content=\"https:\/\/www.dalyplastics.nl\/fr\/caroda-polymer-recycling-nomine-pour-les-prs-recycling-awards-2020\/\" \/>\n<meta property=\"og:site_name\" content=\"Repeats Group\" \/>\n<meta property=\"article:published_time\" content=\"2020-03-26T13:53:55+00:00\" \/>\n<meta property=\"article:modified_time\" content=\"2021-04-08T11:46:46+00:00\" \/>\n<meta property=\"og:image\" content=\"https:\/\/www.dalyplastics.nl\/wp-content\/uploads\/2020\/01\/0.jpg\" \/>\n\t<meta property=\"og:image:width\" content=\"800\" \/>\n\t<meta property=\"og:image:height\" content=\"472\" \/>\n\t<meta property=\"og:image:type\" content=\"image\/jpeg\" \/>\n<meta name=\"author\" content=\"rogervanderklugt\" \/>\n<meta name=\"twitter:card\" content=\"summary_large_image\" \/>\n<meta name=\"twitter:label1\" content=\"\u00c9crit par\" \/>\n\t<meta name=\"twitter:data1\" content=\"rogervanderklugt\" \/>\n\t<meta name=\"twitter:label2\" content=\"Dur\u00e9e de lecture estim\u00e9e\" \/>\n\t<meta name=\"twitter:data2\" content=\"2 minutes\" \/>\n<script type=\"application\/ld+json\" class=\"yoast-schema-graph\">{\"@context\":\"https:\\\/\\\/schema.org\",\"@graph\":[{\"@type\":\"Article\",\"@id\":\"https:\\\/\\\/www.dalyplastics.nl\\\/fr\\\/caroda-polymer-recycling-nomine-pour-les-prs-recycling-awards-2020\\\/#article\",\"isPartOf\":{\"@id\":\"https:\\\/\\\/www.dalyplastics.nl\\\/fr\\\/caroda-polymer-recycling-nomine-pour-les-prs-recycling-awards-2020\\\/\"},\"author\":{\"name\":\"rogervanderklugt\",\"@id\":\"https:\\\/\\\/www.dalyplastics.nl\\\/#\\\/schema\\\/person\\\/57ed6efac08ad3e27b7bae334ea757ec\"},\"headline\":\"Caroda Polymer Recovery Winner Plastics Recycling Awards Europe 2020\",\"datePublished\":\"2020-03-26T13:53:55+00:00\",\"dateModified\":\"2021-04-08T11:46:46+00:00\",\"mainEntityOfPage\":{\"@id\":\"https:\\\/\\\/www.dalyplastics.nl\\\/fr\\\/caroda-polymer-recycling-nomine-pour-les-prs-recycling-awards-2020\\\/\"},\"wordCount\":324,\"publisher\":{\"@id\":\"https:\\\/\\\/www.dalyplastics.nl\\\/#organization\"},\"image\":{\"@id\":\"https:\\\/\\\/www.dalyplastics.nl\\\/fr\\\/caroda-polymer-recycling-nomine-pour-les-prs-recycling-awards-2020\\\/#primaryimage\"},\"thumbnailUrl\":\"https:\\\/\\\/www.dalyplastics.nl\\\/wp-content\\\/uploads\\\/2020\\\/01\\\/0.jpg\",\"articleSection\":[\"Non classifi\u00e9(e)\"],\"inLanguage\":\"fr-FR\"},{\"@type\":\"WebPage\",\"@id\":\"https:\\\/\\\/www.dalyplastics.nl\\\/fr\\\/caroda-polymer-recycling-nomine-pour-les-prs-recycling-awards-2020\\\/\",\"url\":\"https:\\\/\\\/www.dalyplastics.nl\\\/fr\\\/caroda-polymer-recycling-nomine-pour-les-prs-recycling-awards-2020\\\/\",\"name\":\"Caroda Polymer Recovery Winner Plastics Recycling Awards Europe 2020 - Repeats Group\",\"isPartOf\":{\"@id\":\"https:\\\/\\\/www.dalyplastics.nl\\\/#website\"},\"primaryImageOfPage\":{\"@id\":\"https:\\\/\\\/www.dalyplastics.nl\\\/fr\\\/caroda-polymer-recycling-nomine-pour-les-prs-recycling-awards-2020\\\/#primaryimage\"},\"image\":{\"@id\":\"https:\\\/\\\/www.dalyplastics.nl\\\/fr\\\/caroda-polymer-recycling-nomine-pour-les-prs-recycling-awards-2020\\\/#primaryimage\"},\"thumbnailUrl\":\"https:\\\/\\\/www.dalyplastics.nl\\\/wp-content\\\/uploads\\\/2020\\\/01\\\/0.jpg\",\"datePublished\":\"2020-03-26T13:53:55+00:00\",\"dateModified\":\"2021-04-08T11:46:46+00:00\",\"description\":\"Caroda Polymer Recovery Winner Plastics Recycling Awards Europe 2020\",\"breadcrumb\":{\"@id\":\"https:\\\/\\\/www.dalyplastics.nl\\\/fr\\\/caroda-polymer-recycling-nomine-pour-les-prs-recycling-awards-2020\\\/#breadcrumb\"},\"inLanguage\":\"fr-FR\",\"potentialAction\":[{\"@type\":\"ReadAction\",\"target\":[\"https:\\\/\\\/www.dalyplastics.nl\\\/fr\\\/caroda-polymer-recycling-nomine-pour-les-prs-recycling-awards-2020\\\/\"]}]},{\"@type\":\"ImageObject\",\"inLanguage\":\"fr-FR\",\"@id\":\"https:\\\/\\\/www.dalyplastics.nl\\\/fr\\\/caroda-polymer-recycling-nomine-pour-les-prs-recycling-awards-2020\\\/#primaryimage\",\"url\":\"https:\\\/\\\/www.dalyplastics.nl\\\/wp-content\\\/uploads\\\/2020\\\/01\\\/0.jpg\",\"contentUrl\":\"https:\\\/\\\/www.dalyplastics.nl\\\/wp-content\\\/uploads\\\/2020\\\/01\\\/0.jpg\",\"width\":800,\"height\":472,\"caption\":\"Finaliste des PRS Recycling Awards 2020\"},{\"@type\":\"BreadcrumbList\",\"@id\":\"https:\\\/\\\/www.dalyplastics.nl\\\/fr\\\/caroda-polymer-recycling-nomine-pour-les-prs-recycling-awards-2020\\\/#breadcrumb\",\"itemListElement\":[{\"@type\":\"ListItem\",\"position\":1,\"name\":\"Home\",\"item\":\"https:\\\/\\\/www.dalyplastics.nl\\\/fr\\\/\"},{\"@type\":\"ListItem\",\"position\":2,\"name\":\"Caroda Polymer Recovery Winner Plastics Recycling Awards Europe 2020\"}]},{\"@type\":\"WebSite\",\"@id\":\"https:\\\/\\\/www.dalyplastics.nl\\\/#website\",\"url\":\"https:\\\/\\\/www.dalyplastics.nl\\\/\",\"name\":\"Repeats Group\",\"description\":\"Recycling PE at Scale\",\"publisher\":{\"@id\":\"https:\\\/\\\/www.dalyplastics.nl\\\/#organization\"},\"potentialAction\":[{\"@type\":\"SearchAction\",\"target\":{\"@type\":\"EntryPoint\",\"urlTemplate\":\"https:\\\/\\\/www.dalyplastics.nl\\\/?s={search_term_string}\"},\"query-input\":{\"@type\":\"PropertyValueSpecification\",\"valueRequired\":true,\"valueName\":\"search_term_string\"}}],\"inLanguage\":\"fr-FR\"},{\"@type\":\"Organization\",\"@id\":\"https:\\\/\\\/www.dalyplastics.nl\\\/#organization\",\"name\":\"Daly Plastics\",\"url\":\"https:\\\/\\\/www.dalyplastics.nl\\\/\",\"logo\":{\"@type\":\"ImageObject\",\"inLanguage\":\"fr-FR\",\"@id\":\"https:\\\/\\\/www.dalyplastics.nl\\\/#\\\/schema\\\/logo\\\/image\\\/\",\"url\":\"http:\\\/\\\/dalyplastics.nl\\\/wp-content\\\/uploads\\\/2020\\\/01\\\/Daly_logo.jpg\",\"contentUrl\":\"http:\\\/\\\/dalyplastics.nl\\\/wp-content\\\/uploads\\\/2020\\\/01\\\/Daly_logo.jpg\",\"width\":800,\"height\":303,\"caption\":\"Daly Plastics\"},\"image\":{\"@id\":\"https:\\\/\\\/www.dalyplastics.nl\\\/#\\\/schema\\\/logo\\\/image\\\/\"}},{\"@type\":\"Person\",\"@id\":\"https:\\\/\\\/www.dalyplastics.nl\\\/#\\\/schema\\\/person\\\/57ed6efac08ad3e27b7bae334ea757ec\",\"name\":\"rogervanderklugt\",\"image\":{\"@type\":\"ImageObject\",\"inLanguage\":\"fr-FR\",\"@id\":\"https:\\\/\\\/secure.gravatar.com\\\/avatar\\\/e2349b936d636b26cd4bb774e142fd590490857bf20cc51855a3d0e0674964de?s=96&d=mm&r=g\",\"url\":\"https:\\\/\\\/secure.gravatar.com\\\/avatar\\\/e2349b936d636b26cd4bb774e142fd590490857bf20cc51855a3d0e0674964de?s=96&d=mm&r=g\",\"contentUrl\":\"https:\\\/\\\/secure.gravatar.com\\\/avatar\\\/e2349b936d636b26cd4bb774e142fd590490857bf20cc51855a3d0e0674964de?s=96&d=mm&r=g\",\"caption\":\"rogervanderklugt\"}}]}<\/script>\n<!-- \/ Yoast SEO plugin. -->","yoast_head_json":{"title":"Caroda Polymer Recovery Winner Plastics Recycling Awards Europe 2020 - Repeats Group","description":"Caroda Polymer Recovery Winner Plastics Recycling Awards Europe 2020","robots":{"index":"index","follow":"follow","max-snippet":"max-snippet:-1","max-image-preview":"max-image-preview:large","max-video-preview":"max-video-preview:-1"},"canonical":"https:\/\/www.dalyplastics.nl\/fr\/caroda-polymer-recycling-nomine-pour-les-prs-recycling-awards-2020\/","og_locale":"fr_FR","og_type":"article","og_title":"Caroda Polymer Recovery Winner Plastics Recycling Awards Europe 2020 - Repeats Group","og_description":"Caroda Polymer Recovery Winner Plastics Recycling Awards Europe 2020","og_url":"https:\/\/www.dalyplastics.nl\/fr\/caroda-polymer-recycling-nomine-pour-les-prs-recycling-awards-2020\/","og_site_name":"Repeats Group","article_published_time":"2020-03-26T13:53:55+00:00","article_modified_time":"2021-04-08T11:46:46+00:00","og_image":[{"width":800,"height":472,"url":"https:\/\/www.dalyplastics.nl\/wp-content\/uploads\/2020\/01\/0.jpg","type":"image\/jpeg"}],"author":"rogervanderklugt","twitter_card":"summary_large_image","twitter_misc":{"\u00c9crit par":"rogervanderklugt","Dur\u00e9e de lecture estim\u00e9e":"2 minutes"},"schema":{"@context":"https:\/\/schema.org","@graph":[{"@type":"Article","@id":"https:\/\/www.dalyplastics.nl\/fr\/caroda-polymer-recycling-nomine-pour-les-prs-recycling-awards-2020\/#article","isPartOf":{"@id":"https:\/\/www.dalyplastics.nl\/fr\/caroda-polymer-recycling-nomine-pour-les-prs-recycling-awards-2020\/"},"author":{"name":"rogervanderklugt","@id":"https:\/\/www.dalyplastics.nl\/#\/schema\/person\/57ed6efac08ad3e27b7bae334ea757ec"},"headline":"Caroda Polymer Recovery Winner Plastics Recycling Awards Europe 2020","datePublished":"2020-03-26T13:53:55+00:00","dateModified":"2021-04-08T11:46:46+00:00","mainEntityOfPage":{"@id":"https:\/\/www.dalyplastics.nl\/fr\/caroda-polymer-recycling-nomine-pour-les-prs-recycling-awards-2020\/"},"wordCount":324,"publisher":{"@id":"https:\/\/www.dalyplastics.nl\/#organization"},"image":{"@id":"https:\/\/www.dalyplastics.nl\/fr\/caroda-polymer-recycling-nomine-pour-les-prs-recycling-awards-2020\/#primaryimage"},"thumbnailUrl":"https:\/\/www.dalyplastics.nl\/wp-content\/uploads\/2020\/01\/0.jpg","articleSection":["Non classifi\u00e9(e)"],"inLanguage":"fr-FR"},{"@type":"WebPage","@id":"https:\/\/www.dalyplastics.nl\/fr\/caroda-polymer-recycling-nomine-pour-les-prs-recycling-awards-2020\/","url":"https:\/\/www.dalyplastics.nl\/fr\/caroda-polymer-recycling-nomine-pour-les-prs-recycling-awards-2020\/","name":"Caroda Polymer Recovery Winner Plastics Recycling Awards Europe 2020 - Repeats Group","isPartOf":{"@id":"https:\/\/www.dalyplastics.nl\/#website"},"primaryImageOfPage":{"@id":"https:\/\/www.dalyplastics.nl\/fr\/caroda-polymer-recycling-nomine-pour-les-prs-recycling-awards-2020\/#primaryimage"},"image":{"@id":"https:\/\/www.dalyplastics.nl\/fr\/caroda-polymer-recycling-nomine-pour-les-prs-recycling-awards-2020\/#primaryimage"},"thumbnailUrl":"https:\/\/www.dalyplastics.nl\/wp-content\/uploads\/2020\/01\/0.jpg","datePublished":"2020-03-26T13:53:55+00:00","dateModified":"2021-04-08T11:46:46+00:00","description":"Caroda Polymer Recovery Winner Plastics Recycling Awards Europe 2020","breadcrumb":{"@id":"https:\/\/www.dalyplastics.nl\/fr\/caroda-polymer-recycling-nomine-pour-les-prs-recycling-awards-2020\/#breadcrumb"},"inLanguage":"fr-FR","potentialAction":[{"@type":"ReadAction","target":["https:\/\/www.dalyplastics.nl\/fr\/caroda-polymer-recycling-nomine-pour-les-prs-recycling-awards-2020\/"]}]},{"@type":"ImageObject","inLanguage":"fr-FR","@id":"https:\/\/www.dalyplastics.nl\/fr\/caroda-polymer-recycling-nomine-pour-les-prs-recycling-awards-2020\/#primaryimage","url":"https:\/\/www.dalyplastics.nl\/wp-content\/uploads\/2020\/01\/0.jpg","contentUrl":"https:\/\/www.dalyplastics.nl\/wp-content\/uploads\/2020\/01\/0.jpg","width":800,"height":472,"caption":"Finaliste des PRS Recycling Awards 2020"},{"@type":"BreadcrumbList","@id":"https:\/\/www.dalyplastics.nl\/fr\/caroda-polymer-recycling-nomine-pour-les-prs-recycling-awards-2020\/#breadcrumb","itemListElement":[{"@type":"ListItem","position":1,"name":"Home","item":"https:\/\/www.dalyplastics.nl\/fr\/"},{"@type":"ListItem","position":2,"name":"Caroda Polymer Recovery Winner Plastics Recycling Awards Europe 2020"}]},{"@type":"WebSite","@id":"https:\/\/www.dalyplastics.nl\/#website","url":"https:\/\/www.dalyplastics.nl\/","name":"Repeats Group","description":"Recycling PE at Scale","publisher":{"@id":"https:\/\/www.dalyplastics.nl\/#organization"},"potentialAction":[{"@type":"SearchAction","target":{"@type":"EntryPoint","urlTemplate":"https:\/\/www.dalyplastics.nl\/?s={search_term_string}"},"query-input":{"@type":"PropertyValueSpecification","valueRequired":true,"valueName":"search_term_string"}}],"inLanguage":"fr-FR"},{"@type":"Organization","@id":"https:\/\/www.dalyplastics.nl\/#organization","name":"Daly Plastics","url":"https:\/\/www.dalyplastics.nl\/","logo":{"@type":"ImageObject","inLanguage":"fr-FR","@id":"https:\/\/www.dalyplastics.nl\/#\/schema\/logo\/image\/","url":"http:\/\/dalyplastics.nl\/wp-content\/uploads\/2020\/01\/Daly_logo.jpg","contentUrl":"http:\/\/dalyplastics.nl\/wp-content\/uploads\/2020\/01\/Daly_logo.jpg","width":800,"height":303,"caption":"Daly Plastics"},"image":{"@id":"https:\/\/www.dalyplastics.nl\/#\/schema\/logo\/image\/"}},{"@type":"Person","@id":"https:\/\/www.dalyplastics.nl\/#\/schema\/person\/57ed6efac08ad3e27b7bae334ea757ec","name":"rogervanderklugt","image":{"@type":"ImageObject","inLanguage":"fr-FR","@id":"https:\/\/secure.gravatar.com\/avatar\/e2349b936d636b26cd4bb774e142fd590490857bf20cc51855a3d0e0674964de?s=96&d=mm&r=g","url":"https:\/\/secure.gravatar.com\/avatar\/e2349b936d636b26cd4bb774e142fd590490857bf20cc51855a3d0e0674964de?s=96&d=mm&r=g","contentUrl":"https:\/\/secure.gravatar.com\/avatar\/e2349b936d636b26cd4bb774e142fd590490857bf20cc51855a3d0e0674964de?s=96&d=mm&r=g","caption":"rogervanderklugt"}}]}},"_links":{"self":[{"href":"https:\/\/www.dalyplastics.nl\/fr\/wp-json\/wp\/v2\/posts\/9549","targetHints":{"allow":["GET"]}}],"collection":[{"href":"https:\/\/www.dalyplastics.nl\/fr\/wp-json\/wp\/v2\/posts"}],"about":[{"href":"https:\/\/www.dalyplastics.nl\/fr\/wp-json\/wp\/v2\/types\/post"}],"author":[{"embeddable":true,"href":"https:\/\/www.dalyplastics.nl\/fr\/wp-json\/wp\/v2\/users\/1"}],"replies":[{"embeddable":true,"href":"https:\/\/www.dalyplastics.nl\/fr\/wp-json\/wp\/v2\/comments?post=9549"}],"version-history":[{"count":27,"href":"https:\/\/www.dalyplastics.nl\/fr\/wp-json\/wp\/v2\/posts\/9549\/revisions"}],"predecessor-version":[{"id":10059,"href":"https:\/\/www.dalyplastics.nl\/fr\/wp-json\/wp\/v2\/posts\/9549\/revisions\/10059"}],"wp:featuredmedia":[{"embeddable":true,"href":"https:\/\/www.dalyplastics.nl\/fr\/wp-json\/wp\/v2\/media\/9551"}],"wp:attachment":[{"href":"https:\/\/www.dalyplastics.nl\/fr\/wp-json\/wp\/v2\/media?parent=9549"}],"wp:term":[{"taxonomy":"category","embeddable":true,"href":"https:\/\/www.dalyplastics.nl\/fr\/wp-json\/wp\/v2\/categories?post=9549"},{"taxonomy":"post_tag","embeddable":true,"href":"https:\/\/www.dalyplastics.nl\/fr\/wp-json\/wp\/v2\/tags?post=9549"}],"curies":[{"name":"wp","href":"https:\/\/api.w.org\/{rel}","templated":true}]}}