{"id":10439,"date":"2022-06-22T14:07:13","date_gmt":"2022-06-22T13:07:13","guid":{"rendered":"https:\/\/www.dalyplastics.nl\/plastics-recycling-show-europe-2022\/"},"modified":"2022-06-22T14:30:49","modified_gmt":"2022-06-22T13:30:49","slug":"plastics-recycling-show-europe-2022","status":"publish","type":"post","link":"https:\/\/www.dalyplastics.nl\/fr\/plastics-recycling-show-europe-2022\/","title":{"rendered":"Plastics Recycling Show Europe 2022"},"content":{"rendered":"<p>[et_pb_section fb_built=\u00a0\u00bb1&Prime; _builder_version=\u00a0\u00bb4.16&Prime; _module_preset=\u00a0\u00bbdefault\u00a0\u00bb global_colors_info=\u00a0\u00bb{}\u00a0\u00bb][et_pb_row _builder_version=\u00a0\u00bb4.16&Prime; _module_preset=\u00a0\u00bbdefault\u00a0\u00bb global_colors_info=\u00a0\u00bb{}\u00a0\u00bb][et_pb_column type=\u00a0\u00bb4_4&Prime; _builder_version=\u00a0\u00bb4.16&Prime; _module_preset=\u00a0\u00bbdefault\u00a0\u00bb global_colors_info=\u00a0\u00bb{}\u00a0\u00bb][et_pb_text _builder_version=\u00a0\u00bb4.17.4&Prime; _module_preset=\u00a0\u00bbdefault\u00a0\u00bb hover_enabled=\u00a0\u00bb0&Prime; global_colors_info=\u00a0\u00bb{}\u00a0\u00bb sticky_enabled=\u00a0\u00bb0&Prime;]<\/p>\n<p><strong>Le Plastics Recycling Show Europe est LE salon, la conf\u00e9rence et les prix d\u00e9di\u00e9s au recyclage des plastiques en Europe continentale.<\/strong><\/p>\n<p>Les plus grands noms des mat\u00e9riaux recycl\u00e9s, des machines et des services de recyclage seront expos\u00e9s, montrant les derni\u00e8res innovations de l&rsquo;industrie. La conf\u00e9rence gratuite avec des personnalit\u00e9s cl\u00e9s de l&rsquo;industrie abordera les derni\u00e8res opportunit\u00e9s et d\u00e9fis auxquels est confront\u00e9e l&rsquo;industrie du recyclage du plastique en Europe.<\/p>\n<p>Daly Plastics est pr\u00e9sent avec un stand combin\u00e9 sous l&rsquo;\u00e9gide de Repeats. <a href=\"https:\/\/repeats-group.com\/\"><em><strong>Repeats<\/strong><\/em><\/a> est une plateforme paneurop\u00e9enne de recyclage de plastique ax\u00e9e sur la production de poly\u00e9thyl\u00e8ne recycl\u00e9 de haute qualit\u00e9 et \u00e0 faible densit\u00e9 (\u00ab PEBD \u00bb). Repeats est une soci\u00e9t\u00e9 de portefeuille d&rsquo;Ara Partners, une soci\u00e9t\u00e9 mondiale de capital-investissement ax\u00e9e sur la d\u00e9carbonisation industrielle.<\/p>\n<p>&nbsp;<\/p>\n<p><a href=\"https:\/\/www.opcleansweep.org\/\" target=\"_blank\" rel=\"noopener\"><em><strong><\/strong><\/em><\/a><\/p>\n<p>[\/et_pb_text][\/et_pb_column][\/et_pb_row][et_pb_row _builder_version=\u00a0\u00bb4.16&Prime; _module_preset=\u00a0\u00bbdefault\u00a0\u00bb global_colors_info=\u00a0\u00bb{}\u00a0\u00bb][et_pb_column type=\u00a0\u00bb4_4&Prime; _builder_version=\u00a0\u00bb4.16&Prime; _module_preset=\u00a0\u00bbdefault\u00a0\u00bb global_colors_info=\u00a0\u00bb{}\u00a0\u00bb][et_pb_button button_url=\u00a0\u00bbhttp:\/\/dalyplastics.nl\/nieuws\/\u00a0\u00bb button_text=\u00a0\u00bbKlik hier om naar het nieuwsoverzicht te gaan\u00a0\u00bb button_alignment=\u00a0\u00bbcenter\u00a0\u00bb _builder_version=\u00a0\u00bb4.16&Prime; _module_preset=\u00a0\u00bbdefault\u00a0\u00bb custom_button=\u00a0\u00bbon\u00a0\u00bb button_bg_color=\u00a0\u00bbgcid-f2ab760b-7336-4849-9a9e-b150cbf2671e\u00a0\u00bb button_border_color=\u00a0\u00bbRGBA(0,0,0,0)\u00a0\u00bb button_border_radius=\u00a0\u00bb32px\u00a0\u00bb button_use_icon=\u00a0\u00bboff\u00a0\u00bb background_layout=\u00a0\u00bbdark\u00a0\u00bb custom_margin=\u00a0\u00bb30px||||false|false\u00a0\u00bb box_shadow_style=\u00a0\u00bbpreset3&Prime; box_shadow_blur=\u00a0\u00bb8px\u00a0\u00bb global_colors_info=\u00a0\u00bb{%22gcid-f2ab760b-7336-4849-9a9e-b150cbf2671e%22:%91%22button_bg_color%22%93}\u00a0\u00bb][\/et_pb_button][\/et_pb_column][\/et_pb_row][\/et_pb_section]<\/p>\n","protected":false},"excerpt":{"rendered":"<p>Le Plastics Recycling Show Europe est LE salon, la conf\u00e9rence et les prix d\u00e9di\u00e9s au recyclage des plastiques en Europe continentale. Les plus grands noms des mat\u00e9riaux recycl\u00e9s, des machines et des services de recyclage seront expos\u00e9s, montrant les derni\u00e8res innovations de l&rsquo;industrie. La conf\u00e9rence gratuite avec des personnalit\u00e9s cl\u00e9s de l&rsquo;industrie abordera les derni\u00e8res [&hellip;]<\/p>\n","protected":false},"author":1,"featured_media":10431,"comment_status":"closed","ping_status":"closed","sticky":false,"template":"","format":"standard","meta":{"_et_pb_use_builder":"on","_et_pb_old_content":"","_et_gb_content_width":"","footnotes":""},"categories":[84],"tags":[],"class_list":["post-10439","post","type-post","status-publish","format-standard","has-post-thumbnail","hentry","category-non-classifiee"],"yoast_head":"<!-- This site is optimized with the Yoast SEO plugin v27.4 - https:\/\/yoast.com\/product\/yoast-seo-wordpress\/ -->\n<title>Plastics Recycling Show Europe 2022 - Repeats Group<\/title>\n<meta name=\"description\" content=\"Le Plastics Recycling Show Europe est LE salon, la conf\u00e9rence et les prix d\u00e9di\u00e9s au recyclage des plastiques en Europe continentale.\" \/>\n<meta name=\"robots\" content=\"index, follow, max-snippet:-1, max-image-preview:large, max-video-preview:-1\" \/>\n<link rel=\"canonical\" href=\"https:\/\/www.dalyplastics.nl\/fr\/plastics-recycling-show-europe-2022\/\" \/>\n<meta property=\"og:locale\" content=\"fr_FR\" \/>\n<meta property=\"og:type\" content=\"article\" \/>\n<meta property=\"og:title\" content=\"Plastics Recycling Show Europe 2022 - Repeats Group\" \/>\n<meta property=\"og:description\" content=\"Le Plastics Recycling Show Europe est LE salon, la conf\u00e9rence et les prix d\u00e9di\u00e9s au recyclage des plastiques en Europe continentale.\" \/>\n<meta property=\"og:url\" content=\"https:\/\/www.dalyplastics.nl\/fr\/plastics-recycling-show-europe-2022\/\" \/>\n<meta property=\"og:site_name\" content=\"Repeats Group\" \/>\n<meta property=\"article:published_time\" content=\"2022-06-22T13:07:13+00:00\" \/>\n<meta property=\"article:modified_time\" content=\"2022-06-22T13:30:49+00:00\" \/>\n<meta property=\"og:image\" content=\"https:\/\/www.dalyplastics.nl\/wp-content\/uploads\/2022\/06\/Daly-PRSEbeurs.png\" \/>\n\t<meta property=\"og:image:width\" content=\"1200\" \/>\n\t<meta property=\"og:image:height\" content=\"900\" \/>\n\t<meta property=\"og:image:type\" content=\"image\/png\" \/>\n<meta name=\"author\" content=\"rogervanderklugt\" \/>\n<meta name=\"twitter:card\" content=\"summary_large_image\" \/>\n<meta name=\"twitter:label1\" content=\"\u00c9crit par\" \/>\n\t<meta name=\"twitter:data1\" content=\"rogervanderklugt\" \/>\n\t<meta name=\"twitter:label2\" content=\"Dur\u00e9e de lecture estim\u00e9e\" \/>\n\t<meta name=\"twitter:data2\" content=\"2 minutes\" \/>\n<script type=\"application\/ld+json\" class=\"yoast-schema-graph\">{\"@context\":\"https:\\\/\\\/schema.org\",\"@graph\":[{\"@type\":\"Article\",\"@id\":\"https:\\\/\\\/www.dalyplastics.nl\\\/fr\\\/plastics-recycling-show-europe-2022\\\/#article\",\"isPartOf\":{\"@id\":\"https:\\\/\\\/www.dalyplastics.nl\\\/fr\\\/plastics-recycling-show-europe-2022\\\/\"},\"author\":{\"name\":\"rogervanderklugt\",\"@id\":\"https:\\\/\\\/www.dalyplastics.nl\\\/#\\\/schema\\\/person\\\/57ed6efac08ad3e27b7bae334ea757ec\"},\"headline\":\"Plastics Recycling Show Europe 2022\",\"datePublished\":\"2022-06-22T13:07:13+00:00\",\"dateModified\":\"2022-06-22T13:30:49+00:00\",\"mainEntityOfPage\":{\"@id\":\"https:\\\/\\\/www.dalyplastics.nl\\\/fr\\\/plastics-recycling-show-europe-2022\\\/\"},\"wordCount\":334,\"publisher\":{\"@id\":\"https:\\\/\\\/www.dalyplastics.nl\\\/#organization\"},\"image\":{\"@id\":\"https:\\\/\\\/www.dalyplastics.nl\\\/fr\\\/plastics-recycling-show-europe-2022\\\/#primaryimage\"},\"thumbnailUrl\":\"https:\\\/\\\/www.dalyplastics.nl\\\/wp-content\\\/uploads\\\/2022\\\/06\\\/Daly-PRSEbeurs.png\",\"articleSection\":[\"Non classifi\u00e9(e)\"],\"inLanguage\":\"fr-FR\"},{\"@type\":\"WebPage\",\"@id\":\"https:\\\/\\\/www.dalyplastics.nl\\\/fr\\\/plastics-recycling-show-europe-2022\\\/\",\"url\":\"https:\\\/\\\/www.dalyplastics.nl\\\/fr\\\/plastics-recycling-show-europe-2022\\\/\",\"name\":\"Plastics Recycling Show Europe 2022 - Repeats Group\",\"isPartOf\":{\"@id\":\"https:\\\/\\\/www.dalyplastics.nl\\\/#website\"},\"primaryImageOfPage\":{\"@id\":\"https:\\\/\\\/www.dalyplastics.nl\\\/fr\\\/plastics-recycling-show-europe-2022\\\/#primaryimage\"},\"image\":{\"@id\":\"https:\\\/\\\/www.dalyplastics.nl\\\/fr\\\/plastics-recycling-show-europe-2022\\\/#primaryimage\"},\"thumbnailUrl\":\"https:\\\/\\\/www.dalyplastics.nl\\\/wp-content\\\/uploads\\\/2022\\\/06\\\/Daly-PRSEbeurs.png\",\"datePublished\":\"2022-06-22T13:07:13+00:00\",\"dateModified\":\"2022-06-22T13:30:49+00:00\",\"description\":\"Le Plastics Recycling Show Europe est LE salon, la conf\u00e9rence et les prix d\u00e9di\u00e9s au recyclage des plastiques en Europe continentale.\",\"breadcrumb\":{\"@id\":\"https:\\\/\\\/www.dalyplastics.nl\\\/fr\\\/plastics-recycling-show-europe-2022\\\/#breadcrumb\"},\"inLanguage\":\"fr-FR\",\"potentialAction\":[{\"@type\":\"ReadAction\",\"target\":[\"https:\\\/\\\/www.dalyplastics.nl\\\/fr\\\/plastics-recycling-show-europe-2022\\\/\"]}]},{\"@type\":\"ImageObject\",\"inLanguage\":\"fr-FR\",\"@id\":\"https:\\\/\\\/www.dalyplastics.nl\\\/fr\\\/plastics-recycling-show-europe-2022\\\/#primaryimage\",\"url\":\"https:\\\/\\\/www.dalyplastics.nl\\\/wp-content\\\/uploads\\\/2022\\\/06\\\/Daly-PRSEbeurs.png\",\"contentUrl\":\"https:\\\/\\\/www.dalyplastics.nl\\\/wp-content\\\/uploads\\\/2022\\\/06\\\/Daly-PRSEbeurs.png\",\"width\":1200,\"height\":900},{\"@type\":\"BreadcrumbList\",\"@id\":\"https:\\\/\\\/www.dalyplastics.nl\\\/fr\\\/plastics-recycling-show-europe-2022\\\/#breadcrumb\",\"itemListElement\":[{\"@type\":\"ListItem\",\"position\":1,\"name\":\"Home\",\"item\":\"https:\\\/\\\/www.dalyplastics.nl\\\/fr\\\/\"},{\"@type\":\"ListItem\",\"position\":2,\"name\":\"Plastics Recycling Show Europe 2022\"}]},{\"@type\":\"WebSite\",\"@id\":\"https:\\\/\\\/www.dalyplastics.nl\\\/#website\",\"url\":\"https:\\\/\\\/www.dalyplastics.nl\\\/\",\"name\":\"Repeats Group\",\"description\":\"Recycling PE at Scale\",\"publisher\":{\"@id\":\"https:\\\/\\\/www.dalyplastics.nl\\\/#organization\"},\"potentialAction\":[{\"@type\":\"SearchAction\",\"target\":{\"@type\":\"EntryPoint\",\"urlTemplate\":\"https:\\\/\\\/www.dalyplastics.nl\\\/?s={search_term_string}\"},\"query-input\":{\"@type\":\"PropertyValueSpecification\",\"valueRequired\":true,\"valueName\":\"search_term_string\"}}],\"inLanguage\":\"fr-FR\"},{\"@type\":\"Organization\",\"@id\":\"https:\\\/\\\/www.dalyplastics.nl\\\/#organization\",\"name\":\"Daly Plastics\",\"url\":\"https:\\\/\\\/www.dalyplastics.nl\\\/\",\"logo\":{\"@type\":\"ImageObject\",\"inLanguage\":\"fr-FR\",\"@id\":\"https:\\\/\\\/www.dalyplastics.nl\\\/#\\\/schema\\\/logo\\\/image\\\/\",\"url\":\"http:\\\/\\\/dalyplastics.nl\\\/wp-content\\\/uploads\\\/2020\\\/01\\\/Daly_logo.jpg\",\"contentUrl\":\"http:\\\/\\\/dalyplastics.nl\\\/wp-content\\\/uploads\\\/2020\\\/01\\\/Daly_logo.jpg\",\"width\":800,\"height\":303,\"caption\":\"Daly Plastics\"},\"image\":{\"@id\":\"https:\\\/\\\/www.dalyplastics.nl\\\/#\\\/schema\\\/logo\\\/image\\\/\"}},{\"@type\":\"Person\",\"@id\":\"https:\\\/\\\/www.dalyplastics.nl\\\/#\\\/schema\\\/person\\\/57ed6efac08ad3e27b7bae334ea757ec\",\"name\":\"rogervanderklugt\",\"image\":{\"@type\":\"ImageObject\",\"inLanguage\":\"fr-FR\",\"@id\":\"https:\\\/\\\/secure.gravatar.com\\\/avatar\\\/e2349b936d636b26cd4bb774e142fd590490857bf20cc51855a3d0e0674964de?s=96&d=mm&r=g\",\"url\":\"https:\\\/\\\/secure.gravatar.com\\\/avatar\\\/e2349b936d636b26cd4bb774e142fd590490857bf20cc51855a3d0e0674964de?s=96&d=mm&r=g\",\"contentUrl\":\"https:\\\/\\\/secure.gravatar.com\\\/avatar\\\/e2349b936d636b26cd4bb774e142fd590490857bf20cc51855a3d0e0674964de?s=96&d=mm&r=g\",\"caption\":\"rogervanderklugt\"}}]}<\/script>\n<!-- \/ Yoast SEO plugin. -->","yoast_head_json":{"title":"Plastics Recycling Show Europe 2022 - Repeats Group","description":"Le Plastics Recycling Show Europe est LE salon, la conf\u00e9rence et les prix d\u00e9di\u00e9s au recyclage des plastiques en Europe continentale.","robots":{"index":"index","follow":"follow","max-snippet":"max-snippet:-1","max-image-preview":"max-image-preview:large","max-video-preview":"max-video-preview:-1"},"canonical":"https:\/\/www.dalyplastics.nl\/fr\/plastics-recycling-show-europe-2022\/","og_locale":"fr_FR","og_type":"article","og_title":"Plastics Recycling Show Europe 2022 - Repeats Group","og_description":"Le Plastics Recycling Show Europe est LE salon, la conf\u00e9rence et les prix d\u00e9di\u00e9s au recyclage des plastiques en Europe continentale.","og_url":"https:\/\/www.dalyplastics.nl\/fr\/plastics-recycling-show-europe-2022\/","og_site_name":"Repeats Group","article_published_time":"2022-06-22T13:07:13+00:00","article_modified_time":"2022-06-22T13:30:49+00:00","og_image":[{"width":1200,"height":900,"url":"https:\/\/www.dalyplastics.nl\/wp-content\/uploads\/2022\/06\/Daly-PRSEbeurs.png","type":"image\/png"}],"author":"rogervanderklugt","twitter_card":"summary_large_image","twitter_misc":{"\u00c9crit par":"rogervanderklugt","Dur\u00e9e de lecture estim\u00e9e":"2 minutes"},"schema":{"@context":"https:\/\/schema.org","@graph":[{"@type":"Article","@id":"https:\/\/www.dalyplastics.nl\/fr\/plastics-recycling-show-europe-2022\/#article","isPartOf":{"@id":"https:\/\/www.dalyplastics.nl\/fr\/plastics-recycling-show-europe-2022\/"},"author":{"name":"rogervanderklugt","@id":"https:\/\/www.dalyplastics.nl\/#\/schema\/person\/57ed6efac08ad3e27b7bae334ea757ec"},"headline":"Plastics Recycling Show Europe 2022","datePublished":"2022-06-22T13:07:13+00:00","dateModified":"2022-06-22T13:30:49+00:00","mainEntityOfPage":{"@id":"https:\/\/www.dalyplastics.nl\/fr\/plastics-recycling-show-europe-2022\/"},"wordCount":334,"publisher":{"@id":"https:\/\/www.dalyplastics.nl\/#organization"},"image":{"@id":"https:\/\/www.dalyplastics.nl\/fr\/plastics-recycling-show-europe-2022\/#primaryimage"},"thumbnailUrl":"https:\/\/www.dalyplastics.nl\/wp-content\/uploads\/2022\/06\/Daly-PRSEbeurs.png","articleSection":["Non classifi\u00e9(e)"],"inLanguage":"fr-FR"},{"@type":"WebPage","@id":"https:\/\/www.dalyplastics.nl\/fr\/plastics-recycling-show-europe-2022\/","url":"https:\/\/www.dalyplastics.nl\/fr\/plastics-recycling-show-europe-2022\/","name":"Plastics Recycling Show Europe 2022 - Repeats Group","isPartOf":{"@id":"https:\/\/www.dalyplastics.nl\/#website"},"primaryImageOfPage":{"@id":"https:\/\/www.dalyplastics.nl\/fr\/plastics-recycling-show-europe-2022\/#primaryimage"},"image":{"@id":"https:\/\/www.dalyplastics.nl\/fr\/plastics-recycling-show-europe-2022\/#primaryimage"},"thumbnailUrl":"https:\/\/www.dalyplastics.nl\/wp-content\/uploads\/2022\/06\/Daly-PRSEbeurs.png","datePublished":"2022-06-22T13:07:13+00:00","dateModified":"2022-06-22T13:30:49+00:00","description":"Le Plastics Recycling Show Europe est LE salon, la conf\u00e9rence et les prix d\u00e9di\u00e9s au recyclage des plastiques en Europe continentale.","breadcrumb":{"@id":"https:\/\/www.dalyplastics.nl\/fr\/plastics-recycling-show-europe-2022\/#breadcrumb"},"inLanguage":"fr-FR","potentialAction":[{"@type":"ReadAction","target":["https:\/\/www.dalyplastics.nl\/fr\/plastics-recycling-show-europe-2022\/"]}]},{"@type":"ImageObject","inLanguage":"fr-FR","@id":"https:\/\/www.dalyplastics.nl\/fr\/plastics-recycling-show-europe-2022\/#primaryimage","url":"https:\/\/www.dalyplastics.nl\/wp-content\/uploads\/2022\/06\/Daly-PRSEbeurs.png","contentUrl":"https:\/\/www.dalyplastics.nl\/wp-content\/uploads\/2022\/06\/Daly-PRSEbeurs.png","width":1200,"height":900},{"@type":"BreadcrumbList","@id":"https:\/\/www.dalyplastics.nl\/fr\/plastics-recycling-show-europe-2022\/#breadcrumb","itemListElement":[{"@type":"ListItem","position":1,"name":"Home","item":"https:\/\/www.dalyplastics.nl\/fr\/"},{"@type":"ListItem","position":2,"name":"Plastics Recycling Show Europe 2022"}]},{"@type":"WebSite","@id":"https:\/\/www.dalyplastics.nl\/#website","url":"https:\/\/www.dalyplastics.nl\/","name":"Repeats Group","description":"Recycling PE at Scale","publisher":{"@id":"https:\/\/www.dalyplastics.nl\/#organization"},"potentialAction":[{"@type":"SearchAction","target":{"@type":"EntryPoint","urlTemplate":"https:\/\/www.dalyplastics.nl\/?s={search_term_string}"},"query-input":{"@type":"PropertyValueSpecification","valueRequired":true,"valueName":"search_term_string"}}],"inLanguage":"fr-FR"},{"@type":"Organization","@id":"https:\/\/www.dalyplastics.nl\/#organization","name":"Daly Plastics","url":"https:\/\/www.dalyplastics.nl\/","logo":{"@type":"ImageObject","inLanguage":"fr-FR","@id":"https:\/\/www.dalyplastics.nl\/#\/schema\/logo\/image\/","url":"http:\/\/dalyplastics.nl\/wp-content\/uploads\/2020\/01\/Daly_logo.jpg","contentUrl":"http:\/\/dalyplastics.nl\/wp-content\/uploads\/2020\/01\/Daly_logo.jpg","width":800,"height":303,"caption":"Daly Plastics"},"image":{"@id":"https:\/\/www.dalyplastics.nl\/#\/schema\/logo\/image\/"}},{"@type":"Person","@id":"https:\/\/www.dalyplastics.nl\/#\/schema\/person\/57ed6efac08ad3e27b7bae334ea757ec","name":"rogervanderklugt","image":{"@type":"ImageObject","inLanguage":"fr-FR","@id":"https:\/\/secure.gravatar.com\/avatar\/e2349b936d636b26cd4bb774e142fd590490857bf20cc51855a3d0e0674964de?s=96&d=mm&r=g","url":"https:\/\/secure.gravatar.com\/avatar\/e2349b936d636b26cd4bb774e142fd590490857bf20cc51855a3d0e0674964de?s=96&d=mm&r=g","contentUrl":"https:\/\/secure.gravatar.com\/avatar\/e2349b936d636b26cd4bb774e142fd590490857bf20cc51855a3d0e0674964de?s=96&d=mm&r=g","caption":"rogervanderklugt"}}]}},"_links":{"self":[{"href":"https:\/\/www.dalyplastics.nl\/fr\/wp-json\/wp\/v2\/posts\/10439","targetHints":{"allow":["GET"]}}],"collection":[{"href":"https:\/\/www.dalyplastics.nl\/fr\/wp-json\/wp\/v2\/posts"}],"about":[{"href":"https:\/\/www.dalyplastics.nl\/fr\/wp-json\/wp\/v2\/types\/post"}],"author":[{"embeddable":true,"href":"https:\/\/www.dalyplastics.nl\/fr\/wp-json\/wp\/v2\/users\/1"}],"replies":[{"embeddable":true,"href":"https:\/\/www.dalyplastics.nl\/fr\/wp-json\/wp\/v2\/comments?post=10439"}],"version-history":[{"count":7,"href":"https:\/\/www.dalyplastics.nl\/fr\/wp-json\/wp\/v2\/posts\/10439\/revisions"}],"predecessor-version":[{"id":10474,"href":"https:\/\/www.dalyplastics.nl\/fr\/wp-json\/wp\/v2\/posts\/10439\/revisions\/10474"}],"wp:featuredmedia":[{"embeddable":true,"href":"https:\/\/www.dalyplastics.nl\/fr\/wp-json\/wp\/v2\/media\/10431"}],"wp:attachment":[{"href":"https:\/\/www.dalyplastics.nl\/fr\/wp-json\/wp\/v2\/media?parent=10439"}],"wp:term":[{"taxonomy":"category","embeddable":true,"href":"https:\/\/www.dalyplastics.nl\/fr\/wp-json\/wp\/v2\/categories?post=10439"},{"taxonomy":"post_tag","embeddable":true,"href":"https:\/\/www.dalyplastics.nl\/fr\/wp-json\/wp\/v2\/tags?post=10439"}],"curies":[{"name":"wp","href":"https:\/\/api.w.org\/{rel}","templated":true}]}}