{"id":9555,"date":"2020-03-26T14:54:50","date_gmt":"2020-03-26T13:54:50","guid":{"rendered":"http:\/\/dalyplastics.nl\/73-5000-caroda-polymer-recycling-fuer-die-prs-recycling-awards-2020-nominiert\/"},"modified":"2021-04-08T12:47:05","modified_gmt":"2021-04-08T11:47:05","slug":"caroda-polymer-recycling-fuer-die-prs-recycling-awards-2020-nominiert","status":"publish","type":"post","link":"https:\/\/www.dalyplastics.nl\/de\/caroda-polymer-recycling-fuer-die-prs-recycling-awards-2020-nominiert\/","title":{"rendered":"Gewinner der Caroda Polymer Recovery Plastics Recycling Awards Europe 2020"},"content":{"rendered":"\n[et_pb_section fb_built=&#8220;1&#8243; _builder_version=&#8220;4.2.2&#8243;][et_pb_row _builder_version=&#8220;4.2.2&#8243;][et_pb_column type=&#8220;4_4&#8243; _builder_version=&#8220;4.2.2&#8243;][et_pb_text _builder_version=&#8220;4.9.2&#8243;]Die Gewinner der Plastics Recycling Awards Europe 2020 wurden am 10. Dezember 2020 w\u00e4hrend der PRSE virtuell bekannt gegeben. Unternehmen konnten in 7 verschiedenen Kategorien um Preise k\u00e4mpfen.\r\n\r\nDie Innovationskategorie f\u00fcr Recyclingmaschinen wurde von Caroda BV und MAS-Maschinen- und Anlagenbau Schulz f\u00fcr ihre innovative frostfreie Folie gewonnen. Innovation verbessert die Effizienz und Effektivit\u00e4t des Recyclingprozesses von Kunststofffolien.\r\n\r\nDie Gewinner erhielten eine Troph\u00e4e mit einer Basis aus einer 3D-gedruckten Basis aus 100% recycelten ABS-Kunststoff-Armaturenbrettern und dem mehrfarbigen Teil aus komprimierten HPDE-Flaschenverschl\u00fcssen, die bei der Strandreinigung gefunden wurden.[\/et_pb_text][et_pb_image src=&#8220;http:\/\/dalyplastics.nl\/wp-content\/uploads\/2021\/03\/logo-caroda-mas.jpg&#8220; title_text=&#8220;logo-caroda-mas&#8220; align=&#8220;center&#8220; _builder_version=&#8220;4.9.2&#8243; _module_preset=&#8220;default&#8220;][\/et_pb_image][\/et_pb_column][\/et_pb_row][et_pb_row _builder_version=&#8220;4.9.3&#8243; _module_preset=&#8220;default&#8220;][et_pb_column type=&#8220;4_4&#8243; _builder_version=&#8220;4.9.3&#8243; _module_preset=&#8220;default&#8220;][et_pb_button button_url=&#8220;http:\/\/dalyplastics.nl\/de\/nachrichten\/&#8220; button_text=&#8220;Klicken Sie hier, fur das Nachrichten\u00fcbersicht&#8220; button_alignment=&#8220;center&#8220; _builder_version=&#8220;4.9.3&#8243; _module_preset=&#8220;default&#8220; custom_button=&#8220;on&#8220; button_bg_color=&#8220;gcid-f2ab760b-7336-4849-9a9e-b150cbf2671e&#8220; button_border_color=&#8220;RGBA(0,0,0,0)&#8220; button_border_radius=&#8220;32px&#8220; button_use_icon=&#8220;off&#8220; background_layout=&#8220;dark&#8220; custom_margin=&#8220;30px||||false|false&#8220; hover_enabled=&#8220;0&#8243; box_shadow_style=&#8220;preset3&#8243; box_shadow_blur=&#8220;8px&#8220; global_colors_info=&#8220;{%22gcid-f2ab760b-7336-4849-9a9e-b150cbf2671e%22:%91%22button_bg_color%22%93}&#8220; sticky_enabled=&#8220;0&#8243;][\/et_pb_button][\/et_pb_column][\/et_pb_row][\/et_pb_section]\n","protected":false},"excerpt":{"rendered":"<p>Die Gewinner der Plastics Recycling Awards Europe 2020 wurden am 10. Dezember 2020 w\u00e4hrend der PRSE virtuell bekannt gegeben. Unternehmen konnten in 7 verschiedenen Kategorien um Preise k\u00e4mpfen. Die Innovationskategorie f\u00fcr Recyclingmaschinen wurde von Caroda BV und MAS-Maschinen- und Anlagenbau Schulz f\u00fcr ihre innovative frostfreie Folie gewonnen. Innovation verbessert die Effizienz und Effektivit\u00e4t des Recyclingprozesses [&hellip;]<\/p>\n","protected":false},"author":1,"featured_media":9557,"comment_status":"closed","ping_status":"closed","sticky":false,"template":"","format":"standard","meta":{"_et_pb_use_builder":"on","_et_pb_old_content":"","_et_gb_content_width":"","footnotes":""},"categories":[83],"tags":[],"class_list":["post-9555","post","type-post","status-publish","format-standard","has-post-thumbnail","hentry","category-unkategorisiert"],"yoast_head":"<!-- This site is optimized with the Yoast SEO plugin v27.4 - https:\/\/yoast.com\/product\/yoast-seo-wordpress\/ -->\n<title>Gewinner der Caroda Polymer Recovery Plastics Recycling Awards Europe 2020 - Repeats Group<\/title>\n<meta name=\"description\" content=\"Gewinner der Caroda Polymer Recovery Plastics Recycling Awards Europe 2020\" \/>\n<meta name=\"robots\" content=\"index, follow, max-snippet:-1, max-image-preview:large, max-video-preview:-1\" \/>\n<link rel=\"canonical\" href=\"https:\/\/www.dalyplastics.nl\/de\/caroda-polymer-recycling-fuer-die-prs-recycling-awards-2020-nominiert\/\" \/>\n<meta property=\"og:locale\" content=\"de_DE\" \/>\n<meta property=\"og:type\" content=\"article\" \/>\n<meta property=\"og:title\" content=\"Gewinner der Caroda Polymer Recovery Plastics Recycling Awards Europe 2020 - Repeats Group\" \/>\n<meta property=\"og:description\" content=\"Gewinner der Caroda Polymer Recovery Plastics Recycling Awards Europe 2020\" \/>\n<meta property=\"og:url\" content=\"https:\/\/www.dalyplastics.nl\/de\/caroda-polymer-recycling-fuer-die-prs-recycling-awards-2020-nominiert\/\" \/>\n<meta property=\"og:site_name\" content=\"Repeats Group\" \/>\n<meta property=\"article:published_time\" content=\"2020-03-26T13:54:50+00:00\" \/>\n<meta property=\"article:modified_time\" content=\"2021-04-08T11:47:05+00:00\" \/>\n<meta property=\"og:image\" content=\"https:\/\/www.dalyplastics.nl\/wp-content\/uploads\/2020\/01\/0.jpg\" \/>\n\t<meta property=\"og:image:width\" content=\"800\" \/>\n\t<meta property=\"og:image:height\" content=\"472\" \/>\n\t<meta property=\"og:image:type\" content=\"image\/jpeg\" \/>\n<meta name=\"author\" content=\"rogervanderklugt\" \/>\n<meta name=\"twitter:card\" content=\"summary_large_image\" \/>\n<meta name=\"twitter:label1\" content=\"Verfasst von\" \/>\n\t<meta name=\"twitter:data1\" content=\"rogervanderklugt\" \/>\n\t<meta name=\"twitter:label2\" content=\"Gesch\u00e4tzte Lesezeit\" \/>\n\t<meta name=\"twitter:data2\" content=\"1\u00a0Minute\" \/>\n<script type=\"application\/ld+json\" class=\"yoast-schema-graph\">{\"@context\":\"https:\\\/\\\/schema.org\",\"@graph\":[{\"@type\":\"Article\",\"@id\":\"https:\\\/\\\/www.dalyplastics.nl\\\/de\\\/caroda-polymer-recycling-fuer-die-prs-recycling-awards-2020-nominiert\\\/#article\",\"isPartOf\":{\"@id\":\"https:\\\/\\\/www.dalyplastics.nl\\\/de\\\/caroda-polymer-recycling-fuer-die-prs-recycling-awards-2020-nominiert\\\/\"},\"author\":{\"name\":\"rogervanderklugt\",\"@id\":\"https:\\\/\\\/www.dalyplastics.nl\\\/#\\\/schema\\\/person\\\/57ed6efac08ad3e27b7bae334ea757ec\"},\"headline\":\"Gewinner der Caroda Polymer Recovery Plastics Recycling Awards Europe 2020\",\"datePublished\":\"2020-03-26T13:54:50+00:00\",\"dateModified\":\"2021-04-08T11:47:05+00:00\",\"mainEntityOfPage\":{\"@id\":\"https:\\\/\\\/www.dalyplastics.nl\\\/de\\\/caroda-polymer-recycling-fuer-die-prs-recycling-awards-2020-nominiert\\\/\"},\"wordCount\":271,\"publisher\":{\"@id\":\"https:\\\/\\\/www.dalyplastics.nl\\\/#organization\"},\"image\":{\"@id\":\"https:\\\/\\\/www.dalyplastics.nl\\\/de\\\/caroda-polymer-recycling-fuer-die-prs-recycling-awards-2020-nominiert\\\/#primaryimage\"},\"thumbnailUrl\":\"https:\\\/\\\/www.dalyplastics.nl\\\/wp-content\\\/uploads\\\/2020\\\/01\\\/0.jpg\",\"articleSection\":[\"Unkategorisiert\"],\"inLanguage\":\"de\"},{\"@type\":\"WebPage\",\"@id\":\"https:\\\/\\\/www.dalyplastics.nl\\\/de\\\/caroda-polymer-recycling-fuer-die-prs-recycling-awards-2020-nominiert\\\/\",\"url\":\"https:\\\/\\\/www.dalyplastics.nl\\\/de\\\/caroda-polymer-recycling-fuer-die-prs-recycling-awards-2020-nominiert\\\/\",\"name\":\"Gewinner der Caroda Polymer Recovery Plastics Recycling Awards Europe 2020 - Repeats Group\",\"isPartOf\":{\"@id\":\"https:\\\/\\\/www.dalyplastics.nl\\\/#website\"},\"primaryImageOfPage\":{\"@id\":\"https:\\\/\\\/www.dalyplastics.nl\\\/de\\\/caroda-polymer-recycling-fuer-die-prs-recycling-awards-2020-nominiert\\\/#primaryimage\"},\"image\":{\"@id\":\"https:\\\/\\\/www.dalyplastics.nl\\\/de\\\/caroda-polymer-recycling-fuer-die-prs-recycling-awards-2020-nominiert\\\/#primaryimage\"},\"thumbnailUrl\":\"https:\\\/\\\/www.dalyplastics.nl\\\/wp-content\\\/uploads\\\/2020\\\/01\\\/0.jpg\",\"datePublished\":\"2020-03-26T13:54:50+00:00\",\"dateModified\":\"2021-04-08T11:47:05+00:00\",\"description\":\"Gewinner der Caroda Polymer Recovery Plastics Recycling Awards Europe 2020\",\"breadcrumb\":{\"@id\":\"https:\\\/\\\/www.dalyplastics.nl\\\/de\\\/caroda-polymer-recycling-fuer-die-prs-recycling-awards-2020-nominiert\\\/#breadcrumb\"},\"inLanguage\":\"de\",\"potentialAction\":[{\"@type\":\"ReadAction\",\"target\":[\"https:\\\/\\\/www.dalyplastics.nl\\\/de\\\/caroda-polymer-recycling-fuer-die-prs-recycling-awards-2020-nominiert\\\/\"]}]},{\"@type\":\"ImageObject\",\"inLanguage\":\"de\",\"@id\":\"https:\\\/\\\/www.dalyplastics.nl\\\/de\\\/caroda-polymer-recycling-fuer-die-prs-recycling-awards-2020-nominiert\\\/#primaryimage\",\"url\":\"https:\\\/\\\/www.dalyplastics.nl\\\/wp-content\\\/uploads\\\/2020\\\/01\\\/0.jpg\",\"contentUrl\":\"https:\\\/\\\/www.dalyplastics.nl\\\/wp-content\\\/uploads\\\/2020\\\/01\\\/0.jpg\",\"width\":800,\"height\":472,\"caption\":\"Finalist f\u00fcr die PRS Recycling Awards 2020\"},{\"@type\":\"BreadcrumbList\",\"@id\":\"https:\\\/\\\/www.dalyplastics.nl\\\/de\\\/caroda-polymer-recycling-fuer-die-prs-recycling-awards-2020-nominiert\\\/#breadcrumb\",\"itemListElement\":[{\"@type\":\"ListItem\",\"position\":1,\"name\":\"Home\",\"item\":\"https:\\\/\\\/www.dalyplastics.nl\\\/de\\\/\"},{\"@type\":\"ListItem\",\"position\":2,\"name\":\"Gewinner der Caroda Polymer Recovery Plastics Recycling Awards Europe 2020\"}]},{\"@type\":\"WebSite\",\"@id\":\"https:\\\/\\\/www.dalyplastics.nl\\\/#website\",\"url\":\"https:\\\/\\\/www.dalyplastics.nl\\\/\",\"name\":\"Repeats Group\",\"description\":\"Recycling PE at Scale\",\"publisher\":{\"@id\":\"https:\\\/\\\/www.dalyplastics.nl\\\/#organization\"},\"potentialAction\":[{\"@type\":\"SearchAction\",\"target\":{\"@type\":\"EntryPoint\",\"urlTemplate\":\"https:\\\/\\\/www.dalyplastics.nl\\\/?s={search_term_string}\"},\"query-input\":{\"@type\":\"PropertyValueSpecification\",\"valueRequired\":true,\"valueName\":\"search_term_string\"}}],\"inLanguage\":\"de\"},{\"@type\":\"Organization\",\"@id\":\"https:\\\/\\\/www.dalyplastics.nl\\\/#organization\",\"name\":\"Daly Plastics\",\"url\":\"https:\\\/\\\/www.dalyplastics.nl\\\/\",\"logo\":{\"@type\":\"ImageObject\",\"inLanguage\":\"de\",\"@id\":\"https:\\\/\\\/www.dalyplastics.nl\\\/#\\\/schema\\\/logo\\\/image\\\/\",\"url\":\"http:\\\/\\\/dalyplastics.nl\\\/wp-content\\\/uploads\\\/2020\\\/01\\\/Daly_logo.jpg\",\"contentUrl\":\"http:\\\/\\\/dalyplastics.nl\\\/wp-content\\\/uploads\\\/2020\\\/01\\\/Daly_logo.jpg\",\"width\":800,\"height\":303,\"caption\":\"Daly Plastics\"},\"image\":{\"@id\":\"https:\\\/\\\/www.dalyplastics.nl\\\/#\\\/schema\\\/logo\\\/image\\\/\"}},{\"@type\":\"Person\",\"@id\":\"https:\\\/\\\/www.dalyplastics.nl\\\/#\\\/schema\\\/person\\\/57ed6efac08ad3e27b7bae334ea757ec\",\"name\":\"rogervanderklugt\",\"image\":{\"@type\":\"ImageObject\",\"inLanguage\":\"de\",\"@id\":\"https:\\\/\\\/secure.gravatar.com\\\/avatar\\\/e2349b936d636b26cd4bb774e142fd590490857bf20cc51855a3d0e0674964de?s=96&d=mm&r=g\",\"url\":\"https:\\\/\\\/secure.gravatar.com\\\/avatar\\\/e2349b936d636b26cd4bb774e142fd590490857bf20cc51855a3d0e0674964de?s=96&d=mm&r=g\",\"contentUrl\":\"https:\\\/\\\/secure.gravatar.com\\\/avatar\\\/e2349b936d636b26cd4bb774e142fd590490857bf20cc51855a3d0e0674964de?s=96&d=mm&r=g\",\"caption\":\"rogervanderklugt\"}}]}<\/script>\n<!-- \/ Yoast SEO plugin. -->","yoast_head_json":{"title":"Gewinner der Caroda Polymer Recovery Plastics Recycling Awards Europe 2020 - Repeats Group","description":"Gewinner der Caroda Polymer Recovery Plastics Recycling Awards Europe 2020","robots":{"index":"index","follow":"follow","max-snippet":"max-snippet:-1","max-image-preview":"max-image-preview:large","max-video-preview":"max-video-preview:-1"},"canonical":"https:\/\/www.dalyplastics.nl\/de\/caroda-polymer-recycling-fuer-die-prs-recycling-awards-2020-nominiert\/","og_locale":"de_DE","og_type":"article","og_title":"Gewinner der Caroda Polymer Recovery Plastics Recycling Awards Europe 2020 - Repeats Group","og_description":"Gewinner der Caroda Polymer Recovery Plastics Recycling Awards Europe 2020","og_url":"https:\/\/www.dalyplastics.nl\/de\/caroda-polymer-recycling-fuer-die-prs-recycling-awards-2020-nominiert\/","og_site_name":"Repeats Group","article_published_time":"2020-03-26T13:54:50+00:00","article_modified_time":"2021-04-08T11:47:05+00:00","og_image":[{"width":800,"height":472,"url":"https:\/\/www.dalyplastics.nl\/wp-content\/uploads\/2020\/01\/0.jpg","type":"image\/jpeg"}],"author":"rogervanderklugt","twitter_card":"summary_large_image","twitter_misc":{"Verfasst von":"rogervanderklugt","Gesch\u00e4tzte Lesezeit":"1\u00a0Minute"},"schema":{"@context":"https:\/\/schema.org","@graph":[{"@type":"Article","@id":"https:\/\/www.dalyplastics.nl\/de\/caroda-polymer-recycling-fuer-die-prs-recycling-awards-2020-nominiert\/#article","isPartOf":{"@id":"https:\/\/www.dalyplastics.nl\/de\/caroda-polymer-recycling-fuer-die-prs-recycling-awards-2020-nominiert\/"},"author":{"name":"rogervanderklugt","@id":"https:\/\/www.dalyplastics.nl\/#\/schema\/person\/57ed6efac08ad3e27b7bae334ea757ec"},"headline":"Gewinner der Caroda Polymer Recovery Plastics Recycling Awards Europe 2020","datePublished":"2020-03-26T13:54:50+00:00","dateModified":"2021-04-08T11:47:05+00:00","mainEntityOfPage":{"@id":"https:\/\/www.dalyplastics.nl\/de\/caroda-polymer-recycling-fuer-die-prs-recycling-awards-2020-nominiert\/"},"wordCount":271,"publisher":{"@id":"https:\/\/www.dalyplastics.nl\/#organization"},"image":{"@id":"https:\/\/www.dalyplastics.nl\/de\/caroda-polymer-recycling-fuer-die-prs-recycling-awards-2020-nominiert\/#primaryimage"},"thumbnailUrl":"https:\/\/www.dalyplastics.nl\/wp-content\/uploads\/2020\/01\/0.jpg","articleSection":["Unkategorisiert"],"inLanguage":"de"},{"@type":"WebPage","@id":"https:\/\/www.dalyplastics.nl\/de\/caroda-polymer-recycling-fuer-die-prs-recycling-awards-2020-nominiert\/","url":"https:\/\/www.dalyplastics.nl\/de\/caroda-polymer-recycling-fuer-die-prs-recycling-awards-2020-nominiert\/","name":"Gewinner der Caroda Polymer Recovery Plastics Recycling Awards Europe 2020 - Repeats Group","isPartOf":{"@id":"https:\/\/www.dalyplastics.nl\/#website"},"primaryImageOfPage":{"@id":"https:\/\/www.dalyplastics.nl\/de\/caroda-polymer-recycling-fuer-die-prs-recycling-awards-2020-nominiert\/#primaryimage"},"image":{"@id":"https:\/\/www.dalyplastics.nl\/de\/caroda-polymer-recycling-fuer-die-prs-recycling-awards-2020-nominiert\/#primaryimage"},"thumbnailUrl":"https:\/\/www.dalyplastics.nl\/wp-content\/uploads\/2020\/01\/0.jpg","datePublished":"2020-03-26T13:54:50+00:00","dateModified":"2021-04-08T11:47:05+00:00","description":"Gewinner der Caroda Polymer Recovery Plastics Recycling Awards Europe 2020","breadcrumb":{"@id":"https:\/\/www.dalyplastics.nl\/de\/caroda-polymer-recycling-fuer-die-prs-recycling-awards-2020-nominiert\/#breadcrumb"},"inLanguage":"de","potentialAction":[{"@type":"ReadAction","target":["https:\/\/www.dalyplastics.nl\/de\/caroda-polymer-recycling-fuer-die-prs-recycling-awards-2020-nominiert\/"]}]},{"@type":"ImageObject","inLanguage":"de","@id":"https:\/\/www.dalyplastics.nl\/de\/caroda-polymer-recycling-fuer-die-prs-recycling-awards-2020-nominiert\/#primaryimage","url":"https:\/\/www.dalyplastics.nl\/wp-content\/uploads\/2020\/01\/0.jpg","contentUrl":"https:\/\/www.dalyplastics.nl\/wp-content\/uploads\/2020\/01\/0.jpg","width":800,"height":472,"caption":"Finalist f\u00fcr die PRS Recycling Awards 2020"},{"@type":"BreadcrumbList","@id":"https:\/\/www.dalyplastics.nl\/de\/caroda-polymer-recycling-fuer-die-prs-recycling-awards-2020-nominiert\/#breadcrumb","itemListElement":[{"@type":"ListItem","position":1,"name":"Home","item":"https:\/\/www.dalyplastics.nl\/de\/"},{"@type":"ListItem","position":2,"name":"Gewinner der Caroda Polymer Recovery Plastics Recycling Awards Europe 2020"}]},{"@type":"WebSite","@id":"https:\/\/www.dalyplastics.nl\/#website","url":"https:\/\/www.dalyplastics.nl\/","name":"Repeats Group","description":"Recycling PE at Scale","publisher":{"@id":"https:\/\/www.dalyplastics.nl\/#organization"},"potentialAction":[{"@type":"SearchAction","target":{"@type":"EntryPoint","urlTemplate":"https:\/\/www.dalyplastics.nl\/?s={search_term_string}"},"query-input":{"@type":"PropertyValueSpecification","valueRequired":true,"valueName":"search_term_string"}}],"inLanguage":"de"},{"@type":"Organization","@id":"https:\/\/www.dalyplastics.nl\/#organization","name":"Daly Plastics","url":"https:\/\/www.dalyplastics.nl\/","logo":{"@type":"ImageObject","inLanguage":"de","@id":"https:\/\/www.dalyplastics.nl\/#\/schema\/logo\/image\/","url":"http:\/\/dalyplastics.nl\/wp-content\/uploads\/2020\/01\/Daly_logo.jpg","contentUrl":"http:\/\/dalyplastics.nl\/wp-content\/uploads\/2020\/01\/Daly_logo.jpg","width":800,"height":303,"caption":"Daly Plastics"},"image":{"@id":"https:\/\/www.dalyplastics.nl\/#\/schema\/logo\/image\/"}},{"@type":"Person","@id":"https:\/\/www.dalyplastics.nl\/#\/schema\/person\/57ed6efac08ad3e27b7bae334ea757ec","name":"rogervanderklugt","image":{"@type":"ImageObject","inLanguage":"de","@id":"https:\/\/secure.gravatar.com\/avatar\/e2349b936d636b26cd4bb774e142fd590490857bf20cc51855a3d0e0674964de?s=96&d=mm&r=g","url":"https:\/\/secure.gravatar.com\/avatar\/e2349b936d636b26cd4bb774e142fd590490857bf20cc51855a3d0e0674964de?s=96&d=mm&r=g","contentUrl":"https:\/\/secure.gravatar.com\/avatar\/e2349b936d636b26cd4bb774e142fd590490857bf20cc51855a3d0e0674964de?s=96&d=mm&r=g","caption":"rogervanderklugt"}}]}},"_links":{"self":[{"href":"https:\/\/www.dalyplastics.nl\/de\/wp-json\/wp\/v2\/posts\/9555","targetHints":{"allow":["GET"]}}],"collection":[{"href":"https:\/\/www.dalyplastics.nl\/de\/wp-json\/wp\/v2\/posts"}],"about":[{"href":"https:\/\/www.dalyplastics.nl\/de\/wp-json\/wp\/v2\/types\/post"}],"author":[{"embeddable":true,"href":"https:\/\/www.dalyplastics.nl\/de\/wp-json\/wp\/v2\/users\/1"}],"replies":[{"embeddable":true,"href":"https:\/\/www.dalyplastics.nl\/de\/wp-json\/wp\/v2\/comments?post=9555"}],"version-history":[{"count":19,"href":"https:\/\/www.dalyplastics.nl\/de\/wp-json\/wp\/v2\/posts\/9555\/revisions"}],"predecessor-version":[{"id":10061,"href":"https:\/\/www.dalyplastics.nl\/de\/wp-json\/wp\/v2\/posts\/9555\/revisions\/10061"}],"wp:featuredmedia":[{"embeddable":true,"href":"https:\/\/www.dalyplastics.nl\/de\/wp-json\/wp\/v2\/media\/9557"}],"wp:attachment":[{"href":"https:\/\/www.dalyplastics.nl\/de\/wp-json\/wp\/v2\/media?parent=9555"}],"wp:term":[{"taxonomy":"category","embeddable":true,"href":"https:\/\/www.dalyplastics.nl\/de\/wp-json\/wp\/v2\/categories?post=9555"},{"taxonomy":"post_tag","embeddable":true,"href":"https:\/\/www.dalyplastics.nl\/de\/wp-json\/wp\/v2\/tags?post=9555"}],"curies":[{"name":"wp","href":"https:\/\/api.w.org\/{rel}","templated":true}]}}