{"id":10442,"date":"2022-06-22T14:07:45","date_gmt":"2022-06-22T13:07:45","guid":{"rendered":"https:\/\/www.dalyplastics.nl\/plastics-recycling-show-europe-2022\/"},"modified":"2022-06-22T14:33:12","modified_gmt":"2022-06-22T13:33:12","slug":"plastics-recycling-show-europe-2022","status":"publish","type":"post","link":"https:\/\/www.dalyplastics.nl\/de\/plastics-recycling-show-europe-2022\/","title":{"rendered":"Plastics Recycling Show Europe 2022"},"content":{"rendered":"<p>[et_pb_section fb_built=&#8220;1&#8243; _builder_version=&#8220;4.16&#8243; _module_preset=&#8220;default&#8220; global_colors_info=&#8220;{}&#8220;][et_pb_row _builder_version=&#8220;4.16&#8243; _module_preset=&#8220;default&#8220; global_colors_info=&#8220;{}&#8220;][et_pb_column type=&#8220;4_4&#8243; _builder_version=&#8220;4.16&#8243; _module_preset=&#8220;default&#8220; global_colors_info=&#8220;{}&#8220;][et_pb_text _builder_version=&#8220;4.17.4&#8243; _module_preset=&#8220;default&#8220; hover_enabled=&#8220;0&#8243; global_colors_info=&#8220;{}&#8220; sticky_enabled=&#8220;0&#8243;]<\/p>\n<p><strong>Die Plastics Recycling Show Europe ist DIE spezielle Ausstellung, Konferenz und Auszeichnungen f\u00fcr Kunststoffrecycling auf dem europ\u00e4ischen Festland.<\/strong><\/p>\n<p>Die gr\u00f6\u00dften Namen in den Bereichen Recyclingmaterialien, Recyclingmaschinen und Dienstleistungen werden ausgestellt und zeigen die neuesten Innovationen aus der Branche. Die kostenlose Konferenz mit wichtigen Branchenkennzahlen befasst sich mit den neuesten Chancen und Herausforderungen, mit denen die Kunststoffrecyclingindustrie in Europa konfrontiert ist.<\/p>\n<p>Daly Plastics ist mit einem kombinierten Stand unter dem Dach von Repeats vertreten. <a href=\"https:\/\/repeats-group.com\/\"><em><strong>Repeats<\/strong><\/em><\/a> ist eine paneurop\u00e4ische Kunststoffrecyclingplattform, die sich auf die Herstellung von hochwertigem, recyceltem Polyethylen niedriger Dichte (&#8222;LDPE&#8220;) konzentriert. Repeats ist ein Portfoliounternehmen von Ara Partners, einer globalen Private-Equity-Gesellschaft, die sich auf die industrielle Dekarbonisierung konzentriert.<\/p>\n<p>&nbsp;<\/p>\n<p><a href=\"https:\/\/www.opcleansweep.org\/\" target=\"_blank\" rel=\"noopener\"><em><strong><\/strong><\/em><\/a><\/p>\n<p>[\/et_pb_text][\/et_pb_column][\/et_pb_row][et_pb_row _builder_version=&#8220;4.16&#8243; _module_preset=&#8220;default&#8220; global_colors_info=&#8220;{}&#8220;][et_pb_column type=&#8220;4_4&#8243; _builder_version=&#8220;4.16&#8243; _module_preset=&#8220;default&#8220; global_colors_info=&#8220;{}&#8220;][et_pb_button button_url=&#8220;http:\/\/dalyplastics.nl\/nieuws\/&#8220; button_text=&#8220;Klik hier om naar het nieuwsoverzicht te gaan&#8220; button_alignment=&#8220;center&#8220; _builder_version=&#8220;4.16&#8243; _module_preset=&#8220;default&#8220; custom_button=&#8220;on&#8220; button_bg_color=&#8220;gcid-f2ab760b-7336-4849-9a9e-b150cbf2671e&#8220; button_border_color=&#8220;RGBA(0,0,0,0)&#8220; button_border_radius=&#8220;32px&#8220; button_use_icon=&#8220;off&#8220; background_layout=&#8220;dark&#8220; custom_margin=&#8220;30px||||false|false&#8220; box_shadow_style=&#8220;preset3&#8243; box_shadow_blur=&#8220;8px&#8220; global_colors_info=&#8220;{%22gcid-f2ab760b-7336-4849-9a9e-b150cbf2671e%22:%91%22button_bg_color%22%93}&#8220;][\/et_pb_button][\/et_pb_column][\/et_pb_row][\/et_pb_section]<\/p>\n","protected":false},"excerpt":{"rendered":"<p>Die Plastics Recycling Show Europe ist DIE spezielle Ausstellung, Konferenz und Auszeichnungen f\u00fcr Kunststoffrecycling auf dem europ\u00e4ischen Festland. Die gr\u00f6\u00dften Namen in den Bereichen Recyclingmaterialien, Recyclingmaschinen und Dienstleistungen werden ausgestellt und zeigen die neuesten Innovationen aus der Branche. Die kostenlose Konferenz mit wichtigen Branchenkennzahlen befasst sich mit den neuesten Chancen und Herausforderungen, mit denen die [&hellip;]<\/p>\n","protected":false},"author":1,"featured_media":10432,"comment_status":"closed","ping_status":"closed","sticky":false,"template":"","format":"standard","meta":{"_et_pb_use_builder":"on","_et_pb_old_content":"","_et_gb_content_width":"","footnotes":""},"categories":[83],"tags":[],"class_list":["post-10442","post","type-post","status-publish","format-standard","has-post-thumbnail","hentry","category-unkategorisiert"],"yoast_head":"<!-- This site is optimized with the Yoast SEO plugin v27.4 - https:\/\/yoast.com\/product\/yoast-seo-wordpress\/ -->\n<title>Plastics Recycling Show Europe 2022 - Repeats Group<\/title>\n<meta name=\"description\" content=\"Die Plastics Recycling Show Europe ist DIE spezielle Ausstellung, Konferenz und Auszeichnungen f\u00fcr Kunststoffrecycling auf dem europ\u00e4ischen Festland.\" \/>\n<meta name=\"robots\" content=\"index, follow, max-snippet:-1, max-image-preview:large, max-video-preview:-1\" \/>\n<link rel=\"canonical\" href=\"https:\/\/www.dalyplastics.nl\/de\/plastics-recycling-show-europe-2022\/\" \/>\n<meta property=\"og:locale\" content=\"de_DE\" \/>\n<meta property=\"og:type\" content=\"article\" \/>\n<meta property=\"og:title\" content=\"Plastics Recycling Show Europe 2022 - Repeats Group\" \/>\n<meta property=\"og:description\" content=\"Die Plastics Recycling Show Europe ist DIE spezielle Ausstellung, Konferenz und Auszeichnungen f\u00fcr Kunststoffrecycling auf dem europ\u00e4ischen Festland.\" \/>\n<meta property=\"og:url\" content=\"https:\/\/www.dalyplastics.nl\/de\/plastics-recycling-show-europe-2022\/\" \/>\n<meta property=\"og:site_name\" content=\"Repeats Group\" \/>\n<meta property=\"article:published_time\" content=\"2022-06-22T13:07:45+00:00\" \/>\n<meta property=\"article:modified_time\" content=\"2022-06-22T13:33:12+00:00\" \/>\n<meta property=\"og:image\" content=\"https:\/\/www.dalyplastics.nl\/wp-content\/uploads\/2022\/06\/Daly-PRSEbeurs.png\" \/>\n\t<meta property=\"og:image:width\" content=\"1200\" \/>\n\t<meta property=\"og:image:height\" content=\"900\" \/>\n\t<meta property=\"og:image:type\" content=\"image\/png\" \/>\n<meta name=\"author\" content=\"rogervanderklugt\" \/>\n<meta name=\"twitter:card\" content=\"summary_large_image\" \/>\n<meta name=\"twitter:label1\" content=\"Verfasst von\" \/>\n\t<meta name=\"twitter:data1\" content=\"rogervanderklugt\" \/>\n\t<meta name=\"twitter:label2\" content=\"Gesch\u00e4tzte Lesezeit\" \/>\n\t<meta name=\"twitter:data2\" content=\"1\u00a0Minute\" \/>\n<script type=\"application\/ld+json\" class=\"yoast-schema-graph\">{\"@context\":\"https:\\\/\\\/schema.org\",\"@graph\":[{\"@type\":\"Article\",\"@id\":\"https:\\\/\\\/www.dalyplastics.nl\\\/de\\\/plastics-recycling-show-europe-2022\\\/#article\",\"isPartOf\":{\"@id\":\"https:\\\/\\\/www.dalyplastics.nl\\\/de\\\/plastics-recycling-show-europe-2022\\\/\"},\"author\":{\"name\":\"rogervanderklugt\",\"@id\":\"https:\\\/\\\/www.dalyplastics.nl\\\/#\\\/schema\\\/person\\\/57ed6efac08ad3e27b7bae334ea757ec\"},\"headline\":\"Plastics Recycling Show Europe 2022\",\"datePublished\":\"2022-06-22T13:07:45+00:00\",\"dateModified\":\"2022-06-22T13:33:12+00:00\",\"mainEntityOfPage\":{\"@id\":\"https:\\\/\\\/www.dalyplastics.nl\\\/de\\\/plastics-recycling-show-europe-2022\\\/\"},\"wordCount\":297,\"publisher\":{\"@id\":\"https:\\\/\\\/www.dalyplastics.nl\\\/#organization\"},\"image\":{\"@id\":\"https:\\\/\\\/www.dalyplastics.nl\\\/de\\\/plastics-recycling-show-europe-2022\\\/#primaryimage\"},\"thumbnailUrl\":\"https:\\\/\\\/www.dalyplastics.nl\\\/wp-content\\\/uploads\\\/2022\\\/06\\\/Daly-PRSEbeurs.png\",\"articleSection\":[\"Unkategorisiert\"],\"inLanguage\":\"de\"},{\"@type\":\"WebPage\",\"@id\":\"https:\\\/\\\/www.dalyplastics.nl\\\/de\\\/plastics-recycling-show-europe-2022\\\/\",\"url\":\"https:\\\/\\\/www.dalyplastics.nl\\\/de\\\/plastics-recycling-show-europe-2022\\\/\",\"name\":\"Plastics Recycling Show Europe 2022 - Repeats Group\",\"isPartOf\":{\"@id\":\"https:\\\/\\\/www.dalyplastics.nl\\\/#website\"},\"primaryImageOfPage\":{\"@id\":\"https:\\\/\\\/www.dalyplastics.nl\\\/de\\\/plastics-recycling-show-europe-2022\\\/#primaryimage\"},\"image\":{\"@id\":\"https:\\\/\\\/www.dalyplastics.nl\\\/de\\\/plastics-recycling-show-europe-2022\\\/#primaryimage\"},\"thumbnailUrl\":\"https:\\\/\\\/www.dalyplastics.nl\\\/wp-content\\\/uploads\\\/2022\\\/06\\\/Daly-PRSEbeurs.png\",\"datePublished\":\"2022-06-22T13:07:45+00:00\",\"dateModified\":\"2022-06-22T13:33:12+00:00\",\"description\":\"Die Plastics Recycling Show Europe ist DIE spezielle Ausstellung, Konferenz und Auszeichnungen f\u00fcr Kunststoffrecycling auf dem europ\u00e4ischen Festland.\",\"breadcrumb\":{\"@id\":\"https:\\\/\\\/www.dalyplastics.nl\\\/de\\\/plastics-recycling-show-europe-2022\\\/#breadcrumb\"},\"inLanguage\":\"de\",\"potentialAction\":[{\"@type\":\"ReadAction\",\"target\":[\"https:\\\/\\\/www.dalyplastics.nl\\\/de\\\/plastics-recycling-show-europe-2022\\\/\"]}]},{\"@type\":\"ImageObject\",\"inLanguage\":\"de\",\"@id\":\"https:\\\/\\\/www.dalyplastics.nl\\\/de\\\/plastics-recycling-show-europe-2022\\\/#primaryimage\",\"url\":\"https:\\\/\\\/www.dalyplastics.nl\\\/wp-content\\\/uploads\\\/2022\\\/06\\\/Daly-PRSEbeurs.png\",\"contentUrl\":\"https:\\\/\\\/www.dalyplastics.nl\\\/wp-content\\\/uploads\\\/2022\\\/06\\\/Daly-PRSEbeurs.png\",\"width\":1200,\"height\":900},{\"@type\":\"BreadcrumbList\",\"@id\":\"https:\\\/\\\/www.dalyplastics.nl\\\/de\\\/plastics-recycling-show-europe-2022\\\/#breadcrumb\",\"itemListElement\":[{\"@type\":\"ListItem\",\"position\":1,\"name\":\"Home\",\"item\":\"https:\\\/\\\/www.dalyplastics.nl\\\/de\\\/\"},{\"@type\":\"ListItem\",\"position\":2,\"name\":\"Plastics Recycling Show Europe 2022\"}]},{\"@type\":\"WebSite\",\"@id\":\"https:\\\/\\\/www.dalyplastics.nl\\\/#website\",\"url\":\"https:\\\/\\\/www.dalyplastics.nl\\\/\",\"name\":\"Repeats Group\",\"description\":\"Recycling PE at Scale\",\"publisher\":{\"@id\":\"https:\\\/\\\/www.dalyplastics.nl\\\/#organization\"},\"potentialAction\":[{\"@type\":\"SearchAction\",\"target\":{\"@type\":\"EntryPoint\",\"urlTemplate\":\"https:\\\/\\\/www.dalyplastics.nl\\\/?s={search_term_string}\"},\"query-input\":{\"@type\":\"PropertyValueSpecification\",\"valueRequired\":true,\"valueName\":\"search_term_string\"}}],\"inLanguage\":\"de\"},{\"@type\":\"Organization\",\"@id\":\"https:\\\/\\\/www.dalyplastics.nl\\\/#organization\",\"name\":\"Daly Plastics\",\"url\":\"https:\\\/\\\/www.dalyplastics.nl\\\/\",\"logo\":{\"@type\":\"ImageObject\",\"inLanguage\":\"de\",\"@id\":\"https:\\\/\\\/www.dalyplastics.nl\\\/#\\\/schema\\\/logo\\\/image\\\/\",\"url\":\"http:\\\/\\\/dalyplastics.nl\\\/wp-content\\\/uploads\\\/2020\\\/01\\\/Daly_logo.jpg\",\"contentUrl\":\"http:\\\/\\\/dalyplastics.nl\\\/wp-content\\\/uploads\\\/2020\\\/01\\\/Daly_logo.jpg\",\"width\":800,\"height\":303,\"caption\":\"Daly Plastics\"},\"image\":{\"@id\":\"https:\\\/\\\/www.dalyplastics.nl\\\/#\\\/schema\\\/logo\\\/image\\\/\"}},{\"@type\":\"Person\",\"@id\":\"https:\\\/\\\/www.dalyplastics.nl\\\/#\\\/schema\\\/person\\\/57ed6efac08ad3e27b7bae334ea757ec\",\"name\":\"rogervanderklugt\",\"image\":{\"@type\":\"ImageObject\",\"inLanguage\":\"de\",\"@id\":\"https:\\\/\\\/secure.gravatar.com\\\/avatar\\\/e2349b936d636b26cd4bb774e142fd590490857bf20cc51855a3d0e0674964de?s=96&d=mm&r=g\",\"url\":\"https:\\\/\\\/secure.gravatar.com\\\/avatar\\\/e2349b936d636b26cd4bb774e142fd590490857bf20cc51855a3d0e0674964de?s=96&d=mm&r=g\",\"contentUrl\":\"https:\\\/\\\/secure.gravatar.com\\\/avatar\\\/e2349b936d636b26cd4bb774e142fd590490857bf20cc51855a3d0e0674964de?s=96&d=mm&r=g\",\"caption\":\"rogervanderklugt\"}}]}<\/script>\n<!-- \/ Yoast SEO plugin. -->","yoast_head_json":{"title":"Plastics Recycling Show Europe 2022 - Repeats Group","description":"Die Plastics Recycling Show Europe ist DIE spezielle Ausstellung, Konferenz und Auszeichnungen f\u00fcr Kunststoffrecycling auf dem europ\u00e4ischen Festland.","robots":{"index":"index","follow":"follow","max-snippet":"max-snippet:-1","max-image-preview":"max-image-preview:large","max-video-preview":"max-video-preview:-1"},"canonical":"https:\/\/www.dalyplastics.nl\/de\/plastics-recycling-show-europe-2022\/","og_locale":"de_DE","og_type":"article","og_title":"Plastics Recycling Show Europe 2022 - Repeats Group","og_description":"Die Plastics Recycling Show Europe ist DIE spezielle Ausstellung, Konferenz und Auszeichnungen f\u00fcr Kunststoffrecycling auf dem europ\u00e4ischen Festland.","og_url":"https:\/\/www.dalyplastics.nl\/de\/plastics-recycling-show-europe-2022\/","og_site_name":"Repeats Group","article_published_time":"2022-06-22T13:07:45+00:00","article_modified_time":"2022-06-22T13:33:12+00:00","og_image":[{"width":1200,"height":900,"url":"https:\/\/www.dalyplastics.nl\/wp-content\/uploads\/2022\/06\/Daly-PRSEbeurs.png","type":"image\/png"}],"author":"rogervanderklugt","twitter_card":"summary_large_image","twitter_misc":{"Verfasst von":"rogervanderklugt","Gesch\u00e4tzte Lesezeit":"1\u00a0Minute"},"schema":{"@context":"https:\/\/schema.org","@graph":[{"@type":"Article","@id":"https:\/\/www.dalyplastics.nl\/de\/plastics-recycling-show-europe-2022\/#article","isPartOf":{"@id":"https:\/\/www.dalyplastics.nl\/de\/plastics-recycling-show-europe-2022\/"},"author":{"name":"rogervanderklugt","@id":"https:\/\/www.dalyplastics.nl\/#\/schema\/person\/57ed6efac08ad3e27b7bae334ea757ec"},"headline":"Plastics Recycling Show Europe 2022","datePublished":"2022-06-22T13:07:45+00:00","dateModified":"2022-06-22T13:33:12+00:00","mainEntityOfPage":{"@id":"https:\/\/www.dalyplastics.nl\/de\/plastics-recycling-show-europe-2022\/"},"wordCount":297,"publisher":{"@id":"https:\/\/www.dalyplastics.nl\/#organization"},"image":{"@id":"https:\/\/www.dalyplastics.nl\/de\/plastics-recycling-show-europe-2022\/#primaryimage"},"thumbnailUrl":"https:\/\/www.dalyplastics.nl\/wp-content\/uploads\/2022\/06\/Daly-PRSEbeurs.png","articleSection":["Unkategorisiert"],"inLanguage":"de"},{"@type":"WebPage","@id":"https:\/\/www.dalyplastics.nl\/de\/plastics-recycling-show-europe-2022\/","url":"https:\/\/www.dalyplastics.nl\/de\/plastics-recycling-show-europe-2022\/","name":"Plastics Recycling Show Europe 2022 - Repeats Group","isPartOf":{"@id":"https:\/\/www.dalyplastics.nl\/#website"},"primaryImageOfPage":{"@id":"https:\/\/www.dalyplastics.nl\/de\/plastics-recycling-show-europe-2022\/#primaryimage"},"image":{"@id":"https:\/\/www.dalyplastics.nl\/de\/plastics-recycling-show-europe-2022\/#primaryimage"},"thumbnailUrl":"https:\/\/www.dalyplastics.nl\/wp-content\/uploads\/2022\/06\/Daly-PRSEbeurs.png","datePublished":"2022-06-22T13:07:45+00:00","dateModified":"2022-06-22T13:33:12+00:00","description":"Die Plastics Recycling Show Europe ist DIE spezielle Ausstellung, Konferenz und Auszeichnungen f\u00fcr Kunststoffrecycling auf dem europ\u00e4ischen Festland.","breadcrumb":{"@id":"https:\/\/www.dalyplastics.nl\/de\/plastics-recycling-show-europe-2022\/#breadcrumb"},"inLanguage":"de","potentialAction":[{"@type":"ReadAction","target":["https:\/\/www.dalyplastics.nl\/de\/plastics-recycling-show-europe-2022\/"]}]},{"@type":"ImageObject","inLanguage":"de","@id":"https:\/\/www.dalyplastics.nl\/de\/plastics-recycling-show-europe-2022\/#primaryimage","url":"https:\/\/www.dalyplastics.nl\/wp-content\/uploads\/2022\/06\/Daly-PRSEbeurs.png","contentUrl":"https:\/\/www.dalyplastics.nl\/wp-content\/uploads\/2022\/06\/Daly-PRSEbeurs.png","width":1200,"height":900},{"@type":"BreadcrumbList","@id":"https:\/\/www.dalyplastics.nl\/de\/plastics-recycling-show-europe-2022\/#breadcrumb","itemListElement":[{"@type":"ListItem","position":1,"name":"Home","item":"https:\/\/www.dalyplastics.nl\/de\/"},{"@type":"ListItem","position":2,"name":"Plastics Recycling Show Europe 2022"}]},{"@type":"WebSite","@id":"https:\/\/www.dalyplastics.nl\/#website","url":"https:\/\/www.dalyplastics.nl\/","name":"Repeats Group","description":"Recycling PE at Scale","publisher":{"@id":"https:\/\/www.dalyplastics.nl\/#organization"},"potentialAction":[{"@type":"SearchAction","target":{"@type":"EntryPoint","urlTemplate":"https:\/\/www.dalyplastics.nl\/?s={search_term_string}"},"query-input":{"@type":"PropertyValueSpecification","valueRequired":true,"valueName":"search_term_string"}}],"inLanguage":"de"},{"@type":"Organization","@id":"https:\/\/www.dalyplastics.nl\/#organization","name":"Daly Plastics","url":"https:\/\/www.dalyplastics.nl\/","logo":{"@type":"ImageObject","inLanguage":"de","@id":"https:\/\/www.dalyplastics.nl\/#\/schema\/logo\/image\/","url":"http:\/\/dalyplastics.nl\/wp-content\/uploads\/2020\/01\/Daly_logo.jpg","contentUrl":"http:\/\/dalyplastics.nl\/wp-content\/uploads\/2020\/01\/Daly_logo.jpg","width":800,"height":303,"caption":"Daly Plastics"},"image":{"@id":"https:\/\/www.dalyplastics.nl\/#\/schema\/logo\/image\/"}},{"@type":"Person","@id":"https:\/\/www.dalyplastics.nl\/#\/schema\/person\/57ed6efac08ad3e27b7bae334ea757ec","name":"rogervanderklugt","image":{"@type":"ImageObject","inLanguage":"de","@id":"https:\/\/secure.gravatar.com\/avatar\/e2349b936d636b26cd4bb774e142fd590490857bf20cc51855a3d0e0674964de?s=96&d=mm&r=g","url":"https:\/\/secure.gravatar.com\/avatar\/e2349b936d636b26cd4bb774e142fd590490857bf20cc51855a3d0e0674964de?s=96&d=mm&r=g","contentUrl":"https:\/\/secure.gravatar.com\/avatar\/e2349b936d636b26cd4bb774e142fd590490857bf20cc51855a3d0e0674964de?s=96&d=mm&r=g","caption":"rogervanderklugt"}}]}},"_links":{"self":[{"href":"https:\/\/www.dalyplastics.nl\/de\/wp-json\/wp\/v2\/posts\/10442","targetHints":{"allow":["GET"]}}],"collection":[{"href":"https:\/\/www.dalyplastics.nl\/de\/wp-json\/wp\/v2\/posts"}],"about":[{"href":"https:\/\/www.dalyplastics.nl\/de\/wp-json\/wp\/v2\/types\/post"}],"author":[{"embeddable":true,"href":"https:\/\/www.dalyplastics.nl\/de\/wp-json\/wp\/v2\/users\/1"}],"replies":[{"embeddable":true,"href":"https:\/\/www.dalyplastics.nl\/de\/wp-json\/wp\/v2\/comments?post=10442"}],"version-history":[{"count":7,"href":"https:\/\/www.dalyplastics.nl\/de\/wp-json\/wp\/v2\/posts\/10442\/revisions"}],"predecessor-version":[{"id":10478,"href":"https:\/\/www.dalyplastics.nl\/de\/wp-json\/wp\/v2\/posts\/10442\/revisions\/10478"}],"wp:featuredmedia":[{"embeddable":true,"href":"https:\/\/www.dalyplastics.nl\/de\/wp-json\/wp\/v2\/media\/10432"}],"wp:attachment":[{"href":"https:\/\/www.dalyplastics.nl\/de\/wp-json\/wp\/v2\/media?parent=10442"}],"wp:term":[{"taxonomy":"category","embeddable":true,"href":"https:\/\/www.dalyplastics.nl\/de\/wp-json\/wp\/v2\/categories?post=10442"},{"taxonomy":"post_tag","embeddable":true,"href":"https:\/\/www.dalyplastics.nl\/de\/wp-json\/wp\/v2\/tags?post=10442"}],"curies":[{"name":"wp","href":"https:\/\/api.w.org\/{rel}","templated":true}]}}